{"id":8908,"date":"2018-08-10T11:06:50","date_gmt":"2018-08-10T09:06:50","guid":{"rendered":"http:\/\/www.buhl.de\/vermieter-web\/?p=8908"},"modified":"2022-01-14T12:04:05","modified_gmt":"2022-01-14T11:04:05","slug":"wann-der-leerstand-steuervorteile-kostet","status":"publish","type":"post","link":"https:\/\/www.buhl.de\/vermieter-web\/wann-der-leerstand-steuervorteile-kostet\/","title":{"rendered":"Wann der Leerstand Steuervorteile kostet"},"content":{"rendered":"<p><strong>Um die steuerlichen Vorteile als Vermieter nutzen zu k\u00f6nnen, muss eine Einkunftserzielungsabsicht bestehen. Hiervon geht der Fiskus bei kurzfristigen Leerst\u00e4nden auch aus. Ist jedoch ein Geb\u00e4ude aufgrund nicht durchf\u00fchrbaren Sanierungsarbeiten leer, kann davon ausgegangen werden, das keine Einkunftserzielungsabsicht besteht, mit der Folge, dass auch keine Kosten mehr f\u00fcr die Immobilie steuermindernd abgesetzt werden k\u00f6nnen. Zu diesem Ergebnis kommt der Bundesfinanzhof in einem Urteil vom 31.01.2017 (Aktenzeichen IX R 17\/16).<\/strong><\/p>\n<p>Die Richter hatten \u00fcber folgenden Fall zu entscheiden. Ein Ehepaar kaufte 1993 eine Wohnung in einem stark sanierungsbed\u00fcrftigen Haus. Der Zustand des Geb\u00e4udes f\u00fchrte dazu, dass die Wohnung ab 1999 leer stand. Aufgrund der schwierigen Eigentumsverh\u00e4ltnisse (teilweise waren die WEG-Eigent\u00fcmer nicht bekannt oder es wurde keine Anschrift ermittelt) konnten die dringend notwendigen Sanierungsarbeiten nicht durchgef\u00fchrt werden.<\/p>\n<p>In den <a title=\"Steuererkl\u00e4rung online abgeben: Mit WISO Steuer\" href=\"https:\/\/www.buhl.de\/steuer\/\">Steuererkl\u00e4rung<\/a>en der Jahre 2006 bis 2010 machte das Ehepaar deshalb negative Eink\u00fcnfte f\u00fcr die Wohnung als Werbungskosten\u00fcbersch\u00fcsse geltend. Dies wurde zun\u00e4chst vom Finanzamt akzeptiert. Durch ge\u00e4nderte Steuerbescheide wurde diese Entscheidung jedoch widerrufen. Gegen die neuen Bescheide klagte das Ehepaar.<\/p>\n<p>Sie konnten sich aber weder beim Finanzgericht Mecklenburg noch beim Bundesfinanzhof durchsetzen. In seine Begr\u00fcndung stellte der Finanzhof grunds\u00e4tzlich fest, dass die Kosten f\u00fcr eine leerstehende Wohnung steuerlich absetzbar sind, wenn weiterhin eine Einkunftserzielungsabsicht besteht.<\/p>\n<p>Im vorliegenden Fall k\u00f6nne aber hiervon nicht ausgegangen werden, obwohl sich der Kl\u00e4ger intensiv darum bem\u00fcht h\u00e4tte, die Sanierungen voranzutreiben. Da es aber an der notwendigen Mitwirkung der anderen Teilnehmer fehle, seien diese Bem\u00fchungen gescheitert. Da die Wohnung deshalb unbewohnbar sei, konnte das Finanzamt annehmen, dass keine Einkunftserzielungsabsicht mehr bestand.<\/p>\n","protected":false},"excerpt":{"rendered":"<p>Um die steuerlichen Vorteile als Vermieter nutzen zu k\u00f6nnen, muss eine Einkunftserzielungsabsicht bestehen. Hiervon geht der Fiskus bei kurzfristigen Leerst\u00e4nden auch aus. Ist jedoch ein Geb\u00e4ude aufgrund nicht durchf\u00fchrbaren Sanierungsarbeiten leer, kann davon ausgegangen werden, das keine Einkunftserzielungsabsicht besteht, mit der Folge, dass auch keine Kosten mehr f\u00fcr die Immobilie steuermindernd abgesetzt werden k\u00f6nnen. Zu &hellip; <\/p>\n<p class=\"link-more\"><a href=\"https:\/\/www.buhl.de\/vermieter-web\/wann-der-leerstand-steuervorteile-kostet\/\" class=\"more-link\"><span class=\"screen-reader-text\">\u201eWann der Leerstand Steuervorteile kostet\u201c<\/span> weiterlesen<\/a><\/p>\n","protected":false},"author":15,"featured_media":8938,"comment_status":"open","ping_status":"open","sticky":false,"template":"","format":"standard","meta":{"footnotes":""},"categories":[1],"tags":[611,1101,1100],"class_list":["post-8908","post","type-post","status-publish","format-standard","has-post-thumbnail","hentry","category-allgemein","tag-leerstand","tag-steuer","tag-verlust"],"yoast_head":"<!-- This site is optimized with the Yoast SEO Premium plugin v27.4 (Yoast SEO v27.5) - https:\/\/yoast.com\/product\/yoast-seo-premium-wordpress\/ -->\n<title>Wann der Leerstand Steuervorteile kostet - Online-Nebenkostenabrechnung mit WISO Vermieter-Web<\/title>\n<meta name=\"robots\" content=\"noindex, nofollow\" \/>\n<meta property=\"og:locale\" content=\"de_DE\" \/>\n<meta property=\"og:type\" content=\"article\" \/>\n<meta property=\"og:title\" content=\"Wann der Leerstand Steuervorteile kostet\" \/>\n<meta property=\"og:description\" content=\"Um die steuerlichen Vorteile als Vermieter nutzen zu k\u00f6nnen, muss eine Einkunftserzielungsabsicht bestehen. Hiervon geht der Fiskus bei kurzfristigen Leerst\u00e4nden auch aus. Ist jedoch ein Geb\u00e4ude aufgrund nicht durchf\u00fchrbaren Sanierungsarbeiten leer, kann davon ausgegangen werden, das keine Einkunftserzielungsabsicht besteht, mit der Folge, dass auch keine Kosten mehr f\u00fcr die Immobilie steuermindernd abgesetzt werden k\u00f6nnen. Zu &hellip; \u201eWann der Leerstand Steuervorteile kostet\u201c weiterlesen\" \/>\n<meta property=\"og:url\" content=\"https:\/\/www.buhl.de\/vermieter-web\/wann-der-leerstand-steuervorteile-kostet\/\" \/>\n<meta property=\"og:site_name\" content=\"Online-Nebenkostenabrechnung mit WISO Vermieter-Web\" \/>\n<meta property=\"article:published_time\" content=\"2018-08-10T09:06:50+00:00\" \/>\n<meta property=\"article:modified_time\" content=\"2022-01-14T11:04:05+00:00\" \/>\n<meta property=\"og:image\" content=\"https:\/\/www.buhl.de\/vermieter-web\/wp-content\/uploads\/sites\/33\/2018\/08\/Wann_der_Leerstand_Steuervorteile_kostet-1.jpg\" \/>\n\t<meta property=\"og:image:width\" content=\"800\" \/>\n\t<meta property=\"og:image:height\" content=\"400\" \/>\n\t<meta property=\"og:image:type\" content=\"image\/jpeg\" \/>\n<meta name=\"author\" content=\"Hartmut Fischer\" \/>\n<meta name=\"twitter:card\" content=\"summary_large_image\" \/>\n<meta name=\"twitter:label1\" content=\"Verfasst von\" \/>\n\t<meta name=\"twitter:data1\" content=\"Hartmut Fischer\" \/>\n\t<meta name=\"twitter:label2\" content=\"Gesch\u00e4tzte Lesezeit\" \/>\n\t<meta name=\"twitter:data2\" content=\"2\u00a0Minuten\" \/>\n<script type=\"application\/ld+json\" class=\"yoast-schema-graph\">{\"@context\":\"https:\\\/\\\/schema.org\",\"@graph\":[{\"@type\":\"Article\",\"@id\":\"https:\\\/\\\/www.buhl.de\\\/vermieter-web\\\/wann-der-leerstand-steuervorteile-kostet\\\/#article\",\"isPartOf\":{\"@id\":\"https:\\\/\\\/www.buhl.de\\\/vermieter-web\\\/wann-der-leerstand-steuervorteile-kostet\\\/\"},\"author\":{\"name\":\"Hartmut Fischer\",\"@id\":\"https:\\\/\\\/www.buhl.de\\\/vermieter-web\\\/#\\\/schema\\\/person\\\/82903e1cb04eb553382702d503991b4f\"},\"headline\":\"Wann der Leerstand Steuervorteile kostet\",\"datePublished\":\"2018-08-10T09:06:50+00:00\",\"dateModified\":\"2022-01-14T11:04:05+00:00\",\"mainEntityOfPage\":{\"@id\":\"https:\\\/\\\/www.buhl.de\\\/vermieter-web\\\/wann-der-leerstand-steuervorteile-kostet\\\/\"},\"wordCount\":277,\"commentCount\":0,\"image\":{\"@id\":\"https:\\\/\\\/www.buhl.de\\\/vermieter-web\\\/wann-der-leerstand-steuervorteile-kostet\\\/#primaryimage\"},\"thumbnailUrl\":\"https:\\\/\\\/www.buhl.de\\\/vermieter-web\\\/wp-content\\\/uploads\\\/sites\\\/33\\\/2018\\\/08\\\/Wann_der_Leerstand_Steuervorteile_kostet-1.jpg\",\"keywords\":[\"Leerstand\",\"Steuer\",\"Verlust\"],\"inLanguage\":\"de\",\"potentialAction\":[{\"@type\":\"CommentAction\",\"name\":\"Comment\",\"target\":[\"https:\\\/\\\/www.buhl.de\\\/vermieter-web\\\/wann-der-leerstand-steuervorteile-kostet\\\/#respond\"]}]},{\"@type\":\"WebPage\",\"@id\":\"https:\\\/\\\/www.buhl.de\\\/vermieter-web\\\/wann-der-leerstand-steuervorteile-kostet\\\/\",\"url\":\"https:\\\/\\\/www.buhl.de\\\/vermieter-web\\\/wann-der-leerstand-steuervorteile-kostet\\\/\",\"name\":\"Wann der Leerstand Steuervorteile kostet - Online-Nebenkostenabrechnung mit WISO Vermieter-Web\",\"isPartOf\":{\"@id\":\"https:\\\/\\\/www.buhl.de\\\/vermieter-web\\\/#website\"},\"primaryImageOfPage\":{\"@id\":\"https:\\\/\\\/www.buhl.de\\\/vermieter-web\\\/wann-der-leerstand-steuervorteile-kostet\\\/#primaryimage\"},\"image\":{\"@id\":\"https:\\\/\\\/www.buhl.de\\\/vermieter-web\\\/wann-der-leerstand-steuervorteile-kostet\\\/#primaryimage\"},\"thumbnailUrl\":\"https:\\\/\\\/www.buhl.de\\\/vermieter-web\\\/wp-content\\\/uploads\\\/sites\\\/33\\\/2018\\\/08\\\/Wann_der_Leerstand_Steuervorteile_kostet-1.jpg\",\"datePublished\":\"2018-08-10T09:06:50+00:00\",\"dateModified\":\"2022-01-14T11:04:05+00:00\",\"author\":{\"@id\":\"https:\\\/\\\/www.buhl.de\\\/vermieter-web\\\/#\\\/schema\\\/person\\\/82903e1cb04eb553382702d503991b4f\"},\"breadcrumb\":{\"@id\":\"https:\\\/\\\/www.buhl.de\\\/vermieter-web\\\/wann-der-leerstand-steuervorteile-kostet\\\/#breadcrumb\"},\"inLanguage\":\"de\",\"potentialAction\":[{\"@type\":\"ReadAction\",\"target\":[\"https:\\\/\\\/www.buhl.de\\\/vermieter-web\\\/wann-der-leerstand-steuervorteile-kostet\\\/\"]}]},{\"@type\":\"ImageObject\",\"inLanguage\":\"de\",\"@id\":\"https:\\\/\\\/www.buhl.de\\\/vermieter-web\\\/wann-der-leerstand-steuervorteile-kostet\\\/#primaryimage\",\"url\":\"https:\\\/\\\/www.buhl.de\\\/vermieter-web\\\/wp-content\\\/uploads\\\/sites\\\/33\\\/2018\\\/08\\\/Wann_der_Leerstand_Steuervorteile_kostet-1.jpg\",\"contentUrl\":\"https:\\\/\\\/www.buhl.de\\\/vermieter-web\\\/wp-content\\\/uploads\\\/sites\\\/33\\\/2018\\\/08\\\/Wann_der_Leerstand_Steuervorteile_kostet-1.jpg\",\"width\":800,\"height\":400,\"caption\":\"Leerstand einer alten Wohnung.\"},{\"@type\":\"BreadcrumbList\",\"@id\":\"https:\\\/\\\/www.buhl.de\\\/vermieter-web\\\/wann-der-leerstand-steuervorteile-kostet\\\/#breadcrumb\",\"itemListElement\":[{\"@type\":\"ListItem\",\"position\":1,\"name\":\"Startseite\",\"item\":\"https:\\\/\\\/www.buhl.de\\\/vermieter-web\\\/\"},{\"@type\":\"ListItem\",\"position\":2,\"name\":\"Wann der Leerstand Steuervorteile kostet\"}]},{\"@type\":\"WebSite\",\"@id\":\"https:\\\/\\\/www.buhl.de\\\/vermieter-web\\\/#website\",\"url\":\"https:\\\/\\\/www.buhl.de\\\/vermieter-web\\\/\",\"name\":\"Online-Nebenkostenabrechnung mit WISO Vermieter-Web\",\"description\":\"\",\"potentialAction\":[{\"@type\":\"SearchAction\",\"target\":{\"@type\":\"EntryPoint\",\"urlTemplate\":\"https:\\\/\\\/www.buhl.de\\\/vermieter-web\\\/?s={search_term_string}\"},\"query-input\":{\"@type\":\"PropertyValueSpecification\",\"valueRequired\":true,\"valueName\":\"search_term_string\"}}],\"inLanguage\":\"de\"},{\"@type\":\"Person\",\"@id\":\"https:\\\/\\\/www.buhl.de\\\/vermieter-web\\\/#\\\/schema\\\/person\\\/82903e1cb04eb553382702d503991b4f\",\"name\":\"Hartmut Fischer\"}]}<\/script>\n<!-- \/ Yoast SEO Premium plugin. -->","yoast_head_json":{"title":"Wann der Leerstand Steuervorteile kostet - Online-Nebenkostenabrechnung mit WISO Vermieter-Web","robots":{"index":"noindex","follow":"nofollow"},"og_locale":"de_DE","og_type":"article","og_title":"Wann der Leerstand Steuervorteile kostet","og_description":"Um die steuerlichen Vorteile als Vermieter nutzen zu k\u00f6nnen, muss eine Einkunftserzielungsabsicht bestehen. Hiervon geht der Fiskus bei kurzfristigen Leerst\u00e4nden auch aus. Ist jedoch ein Geb\u00e4ude aufgrund nicht durchf\u00fchrbaren Sanierungsarbeiten leer, kann davon ausgegangen werden, das keine Einkunftserzielungsabsicht besteht, mit der Folge, dass auch keine Kosten mehr f\u00fcr die Immobilie steuermindernd abgesetzt werden k\u00f6nnen. Zu &hellip; \u201eWann der Leerstand Steuervorteile kostet\u201c weiterlesen","og_url":"https:\/\/www.buhl.de\/vermieter-web\/wann-der-leerstand-steuervorteile-kostet\/","og_site_name":"Online-Nebenkostenabrechnung mit WISO Vermieter-Web","article_published_time":"2018-08-10T09:06:50+00:00","article_modified_time":"2022-01-14T11:04:05+00:00","og_image":[{"width":800,"height":400,"url":"https:\/\/www.buhl.de\/vermieter-web\/wp-content\/uploads\/sites\/33\/2018\/08\/Wann_der_Leerstand_Steuervorteile_kostet-1.jpg","type":"image\/jpeg"}],"author":"Hartmut Fischer","twitter_card":"summary_large_image","twitter_misc":{"Verfasst von":"Hartmut Fischer","Gesch\u00e4tzte Lesezeit":"2\u00a0Minuten"},"schema":{"@context":"https:\/\/schema.org","@graph":[{"@type":"Article","@id":"https:\/\/www.buhl.de\/vermieter-web\/wann-der-leerstand-steuervorteile-kostet\/#article","isPartOf":{"@id":"https:\/\/www.buhl.de\/vermieter-web\/wann-der-leerstand-steuervorteile-kostet\/"},"author":{"name":"Hartmut Fischer","@id":"https:\/\/www.buhl.de\/vermieter-web\/#\/schema\/person\/82903e1cb04eb553382702d503991b4f"},"headline":"Wann der Leerstand Steuervorteile kostet","datePublished":"2018-08-10T09:06:50+00:00","dateModified":"2022-01-14T11:04:05+00:00","mainEntityOfPage":{"@id":"https:\/\/www.buhl.de\/vermieter-web\/wann-der-leerstand-steuervorteile-kostet\/"},"wordCount":277,"commentCount":0,"image":{"@id":"https:\/\/www.buhl.de\/vermieter-web\/wann-der-leerstand-steuervorteile-kostet\/#primaryimage"},"thumbnailUrl":"https:\/\/www.buhl.de\/vermieter-web\/wp-content\/uploads\/sites\/33\/2018\/08\/Wann_der_Leerstand_Steuervorteile_kostet-1.jpg","keywords":["Leerstand","Steuer","Verlust"],"inLanguage":"de","potentialAction":[{"@type":"CommentAction","name":"Comment","target":["https:\/\/www.buhl.de\/vermieter-web\/wann-der-leerstand-steuervorteile-kostet\/#respond"]}]},{"@type":"WebPage","@id":"https:\/\/www.buhl.de\/vermieter-web\/wann-der-leerstand-steuervorteile-kostet\/","url":"https:\/\/www.buhl.de\/vermieter-web\/wann-der-leerstand-steuervorteile-kostet\/","name":"Wann der Leerstand Steuervorteile kostet - Online-Nebenkostenabrechnung mit WISO Vermieter-Web","isPartOf":{"@id":"https:\/\/www.buhl.de\/vermieter-web\/#website"},"primaryImageOfPage":{"@id":"https:\/\/www.buhl.de\/vermieter-web\/wann-der-leerstand-steuervorteile-kostet\/#primaryimage"},"image":{"@id":"https:\/\/www.buhl.de\/vermieter-web\/wann-der-leerstand-steuervorteile-kostet\/#primaryimage"},"thumbnailUrl":"https:\/\/www.buhl.de\/vermieter-web\/wp-content\/uploads\/sites\/33\/2018\/08\/Wann_der_Leerstand_Steuervorteile_kostet-1.jpg","datePublished":"2018-08-10T09:06:50+00:00","dateModified":"2022-01-14T11:04:05+00:00","author":{"@id":"https:\/\/www.buhl.de\/vermieter-web\/#\/schema\/person\/82903e1cb04eb553382702d503991b4f"},"breadcrumb":{"@id":"https:\/\/www.buhl.de\/vermieter-web\/wann-der-leerstand-steuervorteile-kostet\/#breadcrumb"},"inLanguage":"de","potentialAction":[{"@type":"ReadAction","target":["https:\/\/www.buhl.de\/vermieter-web\/wann-der-leerstand-steuervorteile-kostet\/"]}]},{"@type":"ImageObject","inLanguage":"de","@id":"https:\/\/www.buhl.de\/vermieter-web\/wann-der-leerstand-steuervorteile-kostet\/#primaryimage","url":"https:\/\/www.buhl.de\/vermieter-web\/wp-content\/uploads\/sites\/33\/2018\/08\/Wann_der_Leerstand_Steuervorteile_kostet-1.jpg","contentUrl":"https:\/\/www.buhl.de\/vermieter-web\/wp-content\/uploads\/sites\/33\/2018\/08\/Wann_der_Leerstand_Steuervorteile_kostet-1.jpg","width":800,"height":400,"caption":"Leerstand einer alten Wohnung."},{"@type":"BreadcrumbList","@id":"https:\/\/www.buhl.de\/vermieter-web\/wann-der-leerstand-steuervorteile-kostet\/#breadcrumb","itemListElement":[{"@type":"ListItem","position":1,"name":"Startseite","item":"https:\/\/www.buhl.de\/vermieter-web\/"},{"@type":"ListItem","position":2,"name":"Wann der Leerstand Steuervorteile kostet"}]},{"@type":"WebSite","@id":"https:\/\/www.buhl.de\/vermieter-web\/#website","url":"https:\/\/www.buhl.de\/vermieter-web\/","name":"Online-Nebenkostenabrechnung mit WISO Vermieter-Web","description":"","potentialAction":[{"@type":"SearchAction","target":{"@type":"EntryPoint","urlTemplate":"https:\/\/www.buhl.de\/vermieter-web\/?s={search_term_string}"},"query-input":{"@type":"PropertyValueSpecification","valueRequired":true,"valueName":"search_term_string"}}],"inLanguage":"de"},{"@type":"Person","@id":"https:\/\/www.buhl.de\/vermieter-web\/#\/schema\/person\/82903e1cb04eb553382702d503991b4f","name":"Hartmut Fischer"}]}},"_links":{"self":[{"href":"https:\/\/www.buhl.de\/vermieter-web\/wp-json\/wp\/v2\/posts\/8908","targetHints":{"allow":["GET"]}}],"collection":[{"href":"https:\/\/www.buhl.de\/vermieter-web\/wp-json\/wp\/v2\/posts"}],"about":[{"href":"https:\/\/www.buhl.de\/vermieter-web\/wp-json\/wp\/v2\/types\/post"}],"author":[{"embeddable":true,"href":"https:\/\/www.buhl.de\/vermieter-web\/wp-json\/wp\/v2\/users\/15"}],"replies":[{"embeddable":true,"href":"https:\/\/www.buhl.de\/vermieter-web\/wp-json\/wp\/v2\/comments?post=8908"}],"version-history":[{"count":2,"href":"https:\/\/www.buhl.de\/vermieter-web\/wp-json\/wp\/v2\/posts\/8908\/revisions"}],"predecessor-version":[{"id":14292,"href":"https:\/\/www.buhl.de\/vermieter-web\/wp-json\/wp\/v2\/posts\/8908\/revisions\/14292"}],"wp:featuredmedia":[{"embeddable":true,"href":"https:\/\/www.buhl.de\/vermieter-web\/wp-json\/wp\/v2\/media\/8938"}],"wp:attachment":[{"href":"https:\/\/www.buhl.de\/vermieter-web\/wp-json\/wp\/v2\/media?parent=8908"}],"wp:term":[{"taxonomy":"category","embeddable":true,"href":"https:\/\/www.buhl.de\/vermieter-web\/wp-json\/wp\/v2\/categories?post=8908"},{"taxonomy":"post_tag","embeddable":true,"href":"https:\/\/www.buhl.de\/vermieter-web\/wp-json\/wp\/v2\/tags?post=8908"}],"curies":[{"name":"wp","href":"https:\/\/api.w.org\/{rel}","templated":true}]}}