{"id":9120,"date":"2018-11-09T13:18:37","date_gmt":"2018-11-09T12:18:37","guid":{"rendered":"http:\/\/www.buhl.de\/vermieter-web\/?p=9120"},"modified":"2018-11-09T13:18:37","modified_gmt":"2018-11-09T12:18:37","slug":"weg-verwalter-haftet-fuer-jahresabrechnung","status":"publish","type":"post","link":"https:\/\/www.buhl.de\/vermieter-web\/weg-verwalter-haftet-fuer-jahresabrechnung\/","title":{"rendered":"WEG: Verwalter haftet f\u00fcr Jahresabrechnung"},"content":{"rendered":"<p><strong>Kommt es zu erfolgreichen Anfechtungen von Jahresabrechnungen haftet der Verwalter f\u00fcr die entstandenen Prozesskosten. Die Billigung der Abrechnung durch die Wohneigent\u00fcmerversammlung stellt kein Mitverschulden der Wohnungseigent\u00fcmer dar. Das entschied das Landgericht Berlin in einem Urteil vom 22.06.2018 (Aktenzeichen: 85 S 23\/17 WEG).<\/strong><\/p>\n<p>In dem Verfahren ging es um vom Verwalter fehlerhaft erstellte Jahresabrechnungen. Die Abrechnungen wurden von der Wohnungseigent\u00fcmerversammlung genehmigt. Der Verwalter war bereit seit rund 25 Jahren f\u00fcr die WEG t\u00e4tig. Gegen die Abrechnungen wurde erfolgreich geklagt. Die WEG verlangte nun vom Verwalter die entstandenen Prozesskosten (rund 18.000 Euro) zur\u00fcck.<\/p>\n<p>Das Landgericht gab der WEG recht. Der Verwalter m\u00fcsse Schadenersatz leisten. Er habe seine Pflichten verletzt, die sich aus dem Verwaltervertrag und \u00a7 28 Abs. 3 WEG ergeben (\u201eDer Verwalter hat nach Ablauf des Kalenderjahres eine Abrechnung aufzustellen.\u201c). Die Vorlage fehlerhafter Abrechnungen stelle ein pflichtwidriges Verhalten des Verwalters dar, das urs\u00e4chlich f\u00fcr erfolgreichen Klagen gegen diese Beschl\u00fcsse sei.<\/p>\n<p>Ein Mitverschulden der Wohnungseigent\u00fcmergemeinschaft, die die Abrechnungen gebilligt hatte, sah das Gericht nicht. Aufgrund der jahrzehntelangen Zusammenarbeit und der angefochtenen (Darstellungs-)Fehler sei das etwaige Mitverschulden der Versammlung so gering einzustufen, dass es gegen\u00fcber den Pflichtverletzungen des Verwalters nicht mehr ins Gewicht falle.<\/p>\n","protected":false},"excerpt":{"rendered":"<p>Kommt es zu erfolgreichen Anfechtungen von Jahresabrechnungen haftet der Verwalter f\u00fcr die entstandenen Prozesskosten. Die Billigung der Abrechnung durch die Wohneigent\u00fcmerversammlung stellt kein Mitverschulden der Wohnungseigent\u00fcmer dar. Das entschied das Landgericht Berlin in einem Urteil vom 22.06.2018 (Aktenzeichen: 85 S 23\/17 WEG). In dem Verfahren ging es um vom Verwalter fehlerhaft erstellte Jahresabrechnungen. Die Abrechnungen &hellip; <\/p>\n<p class=\"link-more\"><a href=\"https:\/\/www.buhl.de\/vermieter-web\/weg-verwalter-haftet-fuer-jahresabrechnung\/\" class=\"more-link\"><span class=\"screen-reader-text\">\u201eWEG: Verwalter haftet f\u00fcr Jahresabrechnung\u201c<\/span> weiterlesen<\/a><\/p>\n","protected":false},"author":15,"featured_media":9122,"comment_status":"open","ping_status":"open","sticky":false,"template":"","format":"standard","meta":{"footnotes":""},"categories":[1],"tags":[457,607,392],"class_list":["post-9120","post","type-post","status-publish","format-standard","has-post-thumbnail","hentry","category-allgemein","tag-betriebskostenabrechnung","tag-verwalter","tag-weg"],"yoast_head":"<!-- This site is optimized with the Yoast SEO Premium plugin v27.4 (Yoast SEO v27.5) - https:\/\/yoast.com\/product\/yoast-seo-premium-wordpress\/ -->\n<title>WEG: F\u00fcr fehlerhafte Betriebskostenabrechnungen haftet der Verwalter<\/title>\n<meta name=\"description\" content=\"Wird gegen eine fehlerhafte Betriebskostenabrechnung erfolgreich geklagt, haftet der Verwalter f\u00fcr die entstandenen Kosten. Bei einer langj\u00e4hrigen Zusammenarbeit \u00e4ndert daran auch die Billigung durch die Wohneigent\u00fcmerversammlung nichts.\" \/>\n<meta name=\"robots\" content=\"noindex, nofollow\" \/>\n<meta property=\"og:locale\" content=\"de_DE\" \/>\n<meta property=\"og:type\" content=\"article\" \/>\n<meta property=\"og:title\" content=\"WEG: Verwalter haftet f\u00fcr Jahresabrechnung\" \/>\n<meta property=\"og:description\" content=\"Wird gegen eine fehlerhafte Betriebskostenabrechnung erfolgreich geklagt, haftet der Verwalter f\u00fcr die entstandenen Kosten. Bei einer langj\u00e4hrigen Zusammenarbeit \u00e4ndert daran auch die Billigung durch die Wohneigent\u00fcmerversammlung nichts.\" \/>\n<meta property=\"og:url\" content=\"https:\/\/www.buhl.de\/vermieter-web\/weg-verwalter-haftet-fuer-jahresabrechnung\/\" \/>\n<meta property=\"og:site_name\" content=\"Online-Nebenkostenabrechnung mit WISO Vermieter-Web\" \/>\n<meta property=\"article:published_time\" content=\"2018-11-09T12:18:37+00:00\" \/>\n<meta property=\"og:image\" content=\"https:\/\/www.buhl.de\/vermieter-web\/wp-content\/uploads\/sites\/33\/2018\/11\/Abrechnung.jpg\" \/>\n\t<meta property=\"og:image:width\" content=\"840\" \/>\n\t<meta property=\"og:image:height\" content=\"420\" \/>\n\t<meta property=\"og:image:type\" content=\"image\/jpeg\" \/>\n<meta name=\"author\" content=\"Hartmut Fischer\" \/>\n<meta name=\"twitter:card\" content=\"summary_large_image\" \/>\n<meta name=\"twitter:label1\" content=\"Verfasst von\" \/>\n\t<meta name=\"twitter:data1\" content=\"Hartmut Fischer\" \/>\n\t<meta name=\"twitter:label2\" content=\"Gesch\u00e4tzte Lesezeit\" \/>\n\t<meta name=\"twitter:data2\" content=\"1\u00a0Minute\" \/>\n<script type=\"application\/ld+json\" class=\"yoast-schema-graph\">{\"@context\":\"https:\\\/\\\/schema.org\",\"@graph\":[{\"@type\":\"Article\",\"@id\":\"https:\\\/\\\/www.buhl.de\\\/vermieter-web\\\/weg-verwalter-haftet-fuer-jahresabrechnung\\\/#article\",\"isPartOf\":{\"@id\":\"https:\\\/\\\/www.buhl.de\\\/vermieter-web\\\/weg-verwalter-haftet-fuer-jahresabrechnung\\\/\"},\"author\":{\"name\":\"Hartmut Fischer\",\"@id\":\"https:\\\/\\\/www.buhl.de\\\/vermieter-web\\\/#\\\/schema\\\/person\\\/82903e1cb04eb553382702d503991b4f\"},\"headline\":\"WEG: Verwalter haftet f\u00fcr Jahresabrechnung\",\"datePublished\":\"2018-11-09T12:18:37+00:00\",\"mainEntityOfPage\":{\"@id\":\"https:\\\/\\\/www.buhl.de\\\/vermieter-web\\\/weg-verwalter-haftet-fuer-jahresabrechnung\\\/\"},\"wordCount\":203,\"commentCount\":0,\"image\":{\"@id\":\"https:\\\/\\\/www.buhl.de\\\/vermieter-web\\\/weg-verwalter-haftet-fuer-jahresabrechnung\\\/#primaryimage\"},\"thumbnailUrl\":\"https:\\\/\\\/www.buhl.de\\\/vermieter-web\\\/wp-content\\\/uploads\\\/sites\\\/33\\\/2018\\\/11\\\/Abrechnung.jpg\",\"keywords\":[\"Betriebskostenabrechnung\",\"Verwalter\",\"WEG\"],\"inLanguage\":\"de\",\"potentialAction\":[{\"@type\":\"CommentAction\",\"name\":\"Comment\",\"target\":[\"https:\\\/\\\/www.buhl.de\\\/vermieter-web\\\/weg-verwalter-haftet-fuer-jahresabrechnung\\\/#respond\"]}]},{\"@type\":\"WebPage\",\"@id\":\"https:\\\/\\\/www.buhl.de\\\/vermieter-web\\\/weg-verwalter-haftet-fuer-jahresabrechnung\\\/\",\"url\":\"https:\\\/\\\/www.buhl.de\\\/vermieter-web\\\/weg-verwalter-haftet-fuer-jahresabrechnung\\\/\",\"name\":\"WEG: F\u00fcr fehlerhafte Betriebskostenabrechnungen haftet der Verwalter\",\"isPartOf\":{\"@id\":\"https:\\\/\\\/www.buhl.de\\\/vermieter-web\\\/#website\"},\"primaryImageOfPage\":{\"@id\":\"https:\\\/\\\/www.buhl.de\\\/vermieter-web\\\/weg-verwalter-haftet-fuer-jahresabrechnung\\\/#primaryimage\"},\"image\":{\"@id\":\"https:\\\/\\\/www.buhl.de\\\/vermieter-web\\\/weg-verwalter-haftet-fuer-jahresabrechnung\\\/#primaryimage\"},\"thumbnailUrl\":\"https:\\\/\\\/www.buhl.de\\\/vermieter-web\\\/wp-content\\\/uploads\\\/sites\\\/33\\\/2018\\\/11\\\/Abrechnung.jpg\",\"datePublished\":\"2018-11-09T12:18:37+00:00\",\"author\":{\"@id\":\"https:\\\/\\\/www.buhl.de\\\/vermieter-web\\\/#\\\/schema\\\/person\\\/82903e1cb04eb553382702d503991b4f\"},\"description\":\"Wird gegen eine fehlerhafte Betriebskostenabrechnung erfolgreich geklagt, haftet der Verwalter f\u00fcr die entstandenen Kosten. Bei einer langj\u00e4hrigen Zusammenarbeit \u00e4ndert daran auch die Billigung durch die Wohneigent\u00fcmerversammlung nichts.\",\"breadcrumb\":{\"@id\":\"https:\\\/\\\/www.buhl.de\\\/vermieter-web\\\/weg-verwalter-haftet-fuer-jahresabrechnung\\\/#breadcrumb\"},\"inLanguage\":\"de\",\"potentialAction\":[{\"@type\":\"ReadAction\",\"target\":[\"https:\\\/\\\/www.buhl.de\\\/vermieter-web\\\/weg-verwalter-haftet-fuer-jahresabrechnung\\\/\"]}]},{\"@type\":\"ImageObject\",\"inLanguage\":\"de\",\"@id\":\"https:\\\/\\\/www.buhl.de\\\/vermieter-web\\\/weg-verwalter-haftet-fuer-jahresabrechnung\\\/#primaryimage\",\"url\":\"https:\\\/\\\/www.buhl.de\\\/vermieter-web\\\/wp-content\\\/uploads\\\/sites\\\/33\\\/2018\\\/11\\\/Abrechnung.jpg\",\"contentUrl\":\"https:\\\/\\\/www.buhl.de\\\/vermieter-web\\\/wp-content\\\/uploads\\\/sites\\\/33\\\/2018\\\/11\\\/Abrechnung.jpg\",\"width\":840,\"height\":420,\"caption\":\"Haftung des Verwalters bei Betriebskostenabrechnungen.\"},{\"@type\":\"BreadcrumbList\",\"@id\":\"https:\\\/\\\/www.buhl.de\\\/vermieter-web\\\/weg-verwalter-haftet-fuer-jahresabrechnung\\\/#breadcrumb\",\"itemListElement\":[{\"@type\":\"ListItem\",\"position\":1,\"name\":\"Startseite\",\"item\":\"https:\\\/\\\/www.buhl.de\\\/vermieter-web\\\/\"},{\"@type\":\"ListItem\",\"position\":2,\"name\":\"WEG: Verwalter haftet f\u00fcr Jahresabrechnung\"}]},{\"@type\":\"WebSite\",\"@id\":\"https:\\\/\\\/www.buhl.de\\\/vermieter-web\\\/#website\",\"url\":\"https:\\\/\\\/www.buhl.de\\\/vermieter-web\\\/\",\"name\":\"Online-Nebenkostenabrechnung mit WISO Vermieter-Web\",\"description\":\"\",\"potentialAction\":[{\"@type\":\"SearchAction\",\"target\":{\"@type\":\"EntryPoint\",\"urlTemplate\":\"https:\\\/\\\/www.buhl.de\\\/vermieter-web\\\/?s={search_term_string}\"},\"query-input\":{\"@type\":\"PropertyValueSpecification\",\"valueRequired\":true,\"valueName\":\"search_term_string\"}}],\"inLanguage\":\"de\"},{\"@type\":\"Person\",\"@id\":\"https:\\\/\\\/www.buhl.de\\\/vermieter-web\\\/#\\\/schema\\\/person\\\/82903e1cb04eb553382702d503991b4f\",\"name\":\"Hartmut Fischer\"}]}<\/script>\n<!-- \/ Yoast SEO Premium plugin. -->","yoast_head_json":{"title":"WEG: F\u00fcr fehlerhafte Betriebskostenabrechnungen haftet der Verwalter","description":"Wird gegen eine fehlerhafte Betriebskostenabrechnung erfolgreich geklagt, haftet der Verwalter f\u00fcr die entstandenen Kosten. Bei einer langj\u00e4hrigen Zusammenarbeit \u00e4ndert daran auch die Billigung durch die Wohneigent\u00fcmerversammlung nichts.","robots":{"index":"noindex","follow":"nofollow"},"og_locale":"de_DE","og_type":"article","og_title":"WEG: Verwalter haftet f\u00fcr Jahresabrechnung","og_description":"Wird gegen eine fehlerhafte Betriebskostenabrechnung erfolgreich geklagt, haftet der Verwalter f\u00fcr die entstandenen Kosten. Bei einer langj\u00e4hrigen Zusammenarbeit \u00e4ndert daran auch die Billigung durch die Wohneigent\u00fcmerversammlung nichts.","og_url":"https:\/\/www.buhl.de\/vermieter-web\/weg-verwalter-haftet-fuer-jahresabrechnung\/","og_site_name":"Online-Nebenkostenabrechnung mit WISO Vermieter-Web","article_published_time":"2018-11-09T12:18:37+00:00","og_image":[{"width":840,"height":420,"url":"https:\/\/www.buhl.de\/vermieter-web\/wp-content\/uploads\/sites\/33\/2018\/11\/Abrechnung.jpg","type":"image\/jpeg"}],"author":"Hartmut Fischer","twitter_card":"summary_large_image","twitter_misc":{"Verfasst von":"Hartmut Fischer","Gesch\u00e4tzte Lesezeit":"1\u00a0Minute"},"schema":{"@context":"https:\/\/schema.org","@graph":[{"@type":"Article","@id":"https:\/\/www.buhl.de\/vermieter-web\/weg-verwalter-haftet-fuer-jahresabrechnung\/#article","isPartOf":{"@id":"https:\/\/www.buhl.de\/vermieter-web\/weg-verwalter-haftet-fuer-jahresabrechnung\/"},"author":{"name":"Hartmut Fischer","@id":"https:\/\/www.buhl.de\/vermieter-web\/#\/schema\/person\/82903e1cb04eb553382702d503991b4f"},"headline":"WEG: Verwalter haftet f\u00fcr Jahresabrechnung","datePublished":"2018-11-09T12:18:37+00:00","mainEntityOfPage":{"@id":"https:\/\/www.buhl.de\/vermieter-web\/weg-verwalter-haftet-fuer-jahresabrechnung\/"},"wordCount":203,"commentCount":0,"image":{"@id":"https:\/\/www.buhl.de\/vermieter-web\/weg-verwalter-haftet-fuer-jahresabrechnung\/#primaryimage"},"thumbnailUrl":"https:\/\/www.buhl.de\/vermieter-web\/wp-content\/uploads\/sites\/33\/2018\/11\/Abrechnung.jpg","keywords":["Betriebskostenabrechnung","Verwalter","WEG"],"inLanguage":"de","potentialAction":[{"@type":"CommentAction","name":"Comment","target":["https:\/\/www.buhl.de\/vermieter-web\/weg-verwalter-haftet-fuer-jahresabrechnung\/#respond"]}]},{"@type":"WebPage","@id":"https:\/\/www.buhl.de\/vermieter-web\/weg-verwalter-haftet-fuer-jahresabrechnung\/","url":"https:\/\/www.buhl.de\/vermieter-web\/weg-verwalter-haftet-fuer-jahresabrechnung\/","name":"WEG: F\u00fcr fehlerhafte Betriebskostenabrechnungen haftet der Verwalter","isPartOf":{"@id":"https:\/\/www.buhl.de\/vermieter-web\/#website"},"primaryImageOfPage":{"@id":"https:\/\/www.buhl.de\/vermieter-web\/weg-verwalter-haftet-fuer-jahresabrechnung\/#primaryimage"},"image":{"@id":"https:\/\/www.buhl.de\/vermieter-web\/weg-verwalter-haftet-fuer-jahresabrechnung\/#primaryimage"},"thumbnailUrl":"https:\/\/www.buhl.de\/vermieter-web\/wp-content\/uploads\/sites\/33\/2018\/11\/Abrechnung.jpg","datePublished":"2018-11-09T12:18:37+00:00","author":{"@id":"https:\/\/www.buhl.de\/vermieter-web\/#\/schema\/person\/82903e1cb04eb553382702d503991b4f"},"description":"Wird gegen eine fehlerhafte Betriebskostenabrechnung erfolgreich geklagt, haftet der Verwalter f\u00fcr die entstandenen Kosten. Bei einer langj\u00e4hrigen Zusammenarbeit \u00e4ndert daran auch die Billigung durch die Wohneigent\u00fcmerversammlung nichts.","breadcrumb":{"@id":"https:\/\/www.buhl.de\/vermieter-web\/weg-verwalter-haftet-fuer-jahresabrechnung\/#breadcrumb"},"inLanguage":"de","potentialAction":[{"@type":"ReadAction","target":["https:\/\/www.buhl.de\/vermieter-web\/weg-verwalter-haftet-fuer-jahresabrechnung\/"]}]},{"@type":"ImageObject","inLanguage":"de","@id":"https:\/\/www.buhl.de\/vermieter-web\/weg-verwalter-haftet-fuer-jahresabrechnung\/#primaryimage","url":"https:\/\/www.buhl.de\/vermieter-web\/wp-content\/uploads\/sites\/33\/2018\/11\/Abrechnung.jpg","contentUrl":"https:\/\/www.buhl.de\/vermieter-web\/wp-content\/uploads\/sites\/33\/2018\/11\/Abrechnung.jpg","width":840,"height":420,"caption":"Haftung des Verwalters bei Betriebskostenabrechnungen."},{"@type":"BreadcrumbList","@id":"https:\/\/www.buhl.de\/vermieter-web\/weg-verwalter-haftet-fuer-jahresabrechnung\/#breadcrumb","itemListElement":[{"@type":"ListItem","position":1,"name":"Startseite","item":"https:\/\/www.buhl.de\/vermieter-web\/"},{"@type":"ListItem","position":2,"name":"WEG: Verwalter haftet f\u00fcr Jahresabrechnung"}]},{"@type":"WebSite","@id":"https:\/\/www.buhl.de\/vermieter-web\/#website","url":"https:\/\/www.buhl.de\/vermieter-web\/","name":"Online-Nebenkostenabrechnung mit WISO Vermieter-Web","description":"","potentialAction":[{"@type":"SearchAction","target":{"@type":"EntryPoint","urlTemplate":"https:\/\/www.buhl.de\/vermieter-web\/?s={search_term_string}"},"query-input":{"@type":"PropertyValueSpecification","valueRequired":true,"valueName":"search_term_string"}}],"inLanguage":"de"},{"@type":"Person","@id":"https:\/\/www.buhl.de\/vermieter-web\/#\/schema\/person\/82903e1cb04eb553382702d503991b4f","name":"Hartmut Fischer"}]}},"_links":{"self":[{"href":"https:\/\/www.buhl.de\/vermieter-web\/wp-json\/wp\/v2\/posts\/9120","targetHints":{"allow":["GET"]}}],"collection":[{"href":"https:\/\/www.buhl.de\/vermieter-web\/wp-json\/wp\/v2\/posts"}],"about":[{"href":"https:\/\/www.buhl.de\/vermieter-web\/wp-json\/wp\/v2\/types\/post"}],"author":[{"embeddable":true,"href":"https:\/\/www.buhl.de\/vermieter-web\/wp-json\/wp\/v2\/users\/15"}],"replies":[{"embeddable":true,"href":"https:\/\/www.buhl.de\/vermieter-web\/wp-json\/wp\/v2\/comments?post=9120"}],"version-history":[{"count":1,"href":"https:\/\/www.buhl.de\/vermieter-web\/wp-json\/wp\/v2\/posts\/9120\/revisions"}],"predecessor-version":[{"id":9123,"href":"https:\/\/www.buhl.de\/vermieter-web\/wp-json\/wp\/v2\/posts\/9120\/revisions\/9123"}],"wp:featuredmedia":[{"embeddable":true,"href":"https:\/\/www.buhl.de\/vermieter-web\/wp-json\/wp\/v2\/media\/9122"}],"wp:attachment":[{"href":"https:\/\/www.buhl.de\/vermieter-web\/wp-json\/wp\/v2\/media?parent=9120"}],"wp:term":[{"taxonomy":"category","embeddable":true,"href":"https:\/\/www.buhl.de\/vermieter-web\/wp-json\/wp\/v2\/categories?post=9120"},{"taxonomy":"post_tag","embeddable":true,"href":"https:\/\/www.buhl.de\/vermieter-web\/wp-json\/wp\/v2\/tags?post=9120"}],"curies":[{"name":"wp","href":"https:\/\/api.w.org\/{rel}","templated":true}]}}