{"id":9219,"date":"2018-12-14T11:28:53","date_gmt":"2018-12-14T10:28:53","guid":{"rendered":"http:\/\/www.buhl.de\/vermieter-web\/?p=9219"},"modified":"2018-12-14T11:28:53","modified_gmt":"2018-12-14T10:28:53","slug":"mietschuldenuebernahme-des-jobcenters-verpflichtung-muss-an-vermieter-gehen","status":"publish","type":"post","link":"https:\/\/www.buhl.de\/vermieter-web\/mietschuldenuebernahme-des-jobcenters-verpflichtung-muss-an-vermieter-gehen\/","title":{"rendered":"Mietschulden\u00fcbernahme des Jobcenters: Verpflichtung muss an Vermieter gehen"},"content":{"rendered":"<p><strong>Verpflichtet sich ein Jobcenter, die Mietschulden eines Mieters zu \u00fcbernehmen, muss die entsprechende Ver\u00adpflichtungs\u00aderkl\u00e4rung gegen\u00fcber dem Vermieter abgegeben werden. Wird die Verpflichtung lediglich gegen\u00fcber dem Mieter abgegeben, kann der Vermieter immer noch fristlos k\u00fcndigen. Dies ergibt sich aus einem Urteil des Amtsgerichts Berlin Tempelhof-Kreuzberg vom 20.12.2018 (Aktenzeichen 14 C 188\/18)<\/strong><\/p>\n<p>In dem Verfahren ging es um eine fristlose K\u00fcndigung, die ein Vermieter gegen\u00fcber seinem Mieter wegen Mietr\u00fcckst\u00e4nden ausgesprochen hatte. Offen waren zum Zeitpunkt der K\u00fcndigung eine Monatsmiete aus 2016 sowie die Mietzahlungen aus den Monaten Februar 2018 bis April 2018. Insgesamt waren Mietschulden von knapp 3.000 Euro aufgelaufen.<\/p>\n<p>Das f\u00fcr den Mieter zust\u00e4ndige Jobcenter erkl\u00e4rte sich im Mai bereit, die Mietschulden zu \u00fcbernehmen. Das Center erkl\u00e4rte dies aber lediglich gegen\u00fcber dem Mieter. Der Vermieter war deshalb der Ansicht, dass dies keine Auswirkung auf die K\u00fcndigung habe. Er klagte deshalb auf R\u00e4umung und Herausgabe der Wohnung.<\/p>\n<p>Das Amtsgericht Berlin Tempelhof-Kreuzberg gab dem Vermieter im vorliegenden Fall recht. Der Vermieter k\u00f6nne sich hier auf \u00a7 543 Abs. 2 Nr. 3 berufen.<\/p>\n<p><em><strong>\u00a7 543 BGB (Auszug):<\/strong> <\/em><br \/>\n<em>(2) Ein wichtiger Grund (zur fristlosen K\u00fcndigung) liegt insbesondere vor, wenn \u2026 der Mieter<\/em><br \/>\n<em>a) f\u00fcr zwei aufeinander folgende Termine mit der Entrichtung der Miete oder eines nicht unerheblichen Teils der Miete in Verzug ist oder<\/em><br \/>\n<em>b) in einem Zeitraum, der sich \u00fcber mehr als zwei Termine erstreckt, mit der Entrichtung der Miete in H\u00f6he eines Betrages in Verzug ist, der die Miete f\u00fcr zwei Monate erreicht. \u2026<\/em><\/p>\n<p>Die Erkl\u00e4rung des Jobcenters hatte nach Meinung des Gerichts keinen Einfluss auf die fristlose K\u00fcndigung, da diese nach \u00a7 569 BGB unwirksam sei.<\/p>\n<p><em><strong> 569 Abs. 3 BGB (Auszug):<\/strong><br \/>\n\u2026 Die K\u00fcndigung wird auch dann unwirksam, wenn der Vermieter sp\u00e4testens bis zum Ablauf von zwei Monaten nach Eintritt der Rechtsh\u00e4ngigkeit des R\u00e4umungsanspruchs hinsichtlich der f\u00e4lligen Miete und der f\u00e4lligen Entsch\u00e4digung nach \u00a7 546a Abs. 1 befriedigt wird oder sich eine \u00f6ffentliche Stelle zur Befriedigung verpflichtet. Dies gilt nicht, wenn der K\u00fcndigung vor nicht l\u00e4nger als zwei Jahren bereits eine nach Satz 1 unwirksam gewordene K\u00fcndigung vorausgegangen ist.<\/em><\/p>\n<p>Das Gericht legte das Gesetz dahingehend aus, dass die Erkl\u00e4rung gegen\u00fcber dem Vermieter abgegeben werden m\u00fcsse, um wirksam zu werden. Nur, wenn die Erkl\u00e4rung gegen\u00fcber dem Vermieter abgegeben w\u00fcrde, h\u00e4tte dieser einen Anspruch gegen\u00fcber dem Jobcenter, den er unter Umst\u00e4nden auch h\u00e4tte einklagen k\u00f6nnen.<\/p>\n<p>&nbsp;<\/p>\n","protected":false},"excerpt":{"rendered":"<p>Verpflichtet sich ein Jobcenter, die Mietschulden eines Mieters zu \u00fcbernehmen, muss die entsprechende Ver\u00adpflichtungs\u00aderkl\u00e4rung gegen\u00fcber dem Vermieter abgegeben werden. Wird die Verpflichtung lediglich gegen\u00fcber dem Mieter abgegeben, kann der Vermieter immer noch fristlos k\u00fcndigen. Dies ergibt sich aus einem Urteil des Amtsgerichts Berlin Tempelhof-Kreuzberg vom 20.12.2018 (Aktenzeichen 14 C 188\/18) In dem Verfahren ging es &hellip; <\/p>\n<p class=\"link-more\"><a href=\"https:\/\/www.buhl.de\/vermieter-web\/mietschuldenuebernahme-des-jobcenters-verpflichtung-muss-an-vermieter-gehen\/\" class=\"more-link\"><span class=\"screen-reader-text\">\u201eMietschulden\u00fcbernahme des Jobcenters: Verpflichtung muss an Vermieter gehen\u201c<\/span> weiterlesen<\/a><\/p>\n","protected":false},"author":15,"featured_media":9222,"comment_status":"open","ping_status":"open","sticky":false,"template":"","format":"standard","meta":{"footnotes":""},"categories":[1],"tags":[1243,461,383,1817],"class_list":["post-9219","post","type-post","status-publish","format-standard","has-post-thumbnail","hentry","category-allgemein","tag-fristlose-kuendigung","tag-jobcenter","tag-kostenuebernahme","tag-mietschulden"],"yoast_head":"<!-- This site is optimized with the Yoast SEO Premium plugin v27.4 (Yoast SEO v27.5) - https:\/\/yoast.com\/product\/yoast-seo-premium-wordpress\/ -->\n<title>Mietschulden\u00fcbernahme des Jobcenters: Verpflichtung muss an Vermieter gehen - Online-Nebenkostenabrechnung mit WISO Vermieter-Web<\/title>\n<meta name=\"robots\" content=\"noindex, nofollow\" \/>\n<meta property=\"og:locale\" content=\"de_DE\" \/>\n<meta property=\"og:type\" content=\"article\" \/>\n<meta property=\"og:title\" content=\"Mietschulden\u00fcbernahme des Jobcenters: Verpflichtung muss an Vermieter gehen\" \/>\n<meta property=\"og:description\" content=\"Verpflichtet sich ein Jobcenter, die Mietschulden eines Mieters zu \u00fcbernehmen, muss die entsprechende Ver\u00adpflichtungs\u00aderkl\u00e4rung gegen\u00fcber dem Vermieter abgegeben werden. Wird die Verpflichtung lediglich gegen\u00fcber dem Mieter abgegeben, kann der Vermieter immer noch fristlos k\u00fcndigen. Dies ergibt sich aus einem Urteil des Amtsgerichts Berlin Tempelhof-Kreuzberg vom 20.12.2018 (Aktenzeichen 14 C 188\/18) In dem Verfahren ging es &hellip; \u201eMietschulden\u00fcbernahme des Jobcenters: Verpflichtung muss an Vermieter gehen\u201c weiterlesen\" \/>\n<meta property=\"og:url\" content=\"https:\/\/www.buhl.de\/vermieter-web\/mietschuldenuebernahme-des-jobcenters-verpflichtung-muss-an-vermieter-gehen\/\" \/>\n<meta property=\"og:site_name\" content=\"Online-Nebenkostenabrechnung mit WISO Vermieter-Web\" \/>\n<meta property=\"article:published_time\" content=\"2018-12-14T10:28:53+00:00\" \/>\n<meta property=\"og:image\" content=\"https:\/\/www.buhl.de\/vermieter-web\/wp-content\/uploads\/sites\/33\/2018\/12\/urteil.jpg\" \/>\n\t<meta property=\"og:image:width\" content=\"840\" \/>\n\t<meta property=\"og:image:height\" content=\"420\" \/>\n\t<meta property=\"og:image:type\" content=\"image\/jpeg\" \/>\n<meta name=\"author\" content=\"Hartmut Fischer\" \/>\n<meta name=\"twitter:card\" content=\"summary_large_image\" \/>\n<meta name=\"twitter:label1\" content=\"Verfasst von\" \/>\n\t<meta name=\"twitter:data1\" content=\"Hartmut Fischer\" \/>\n\t<meta name=\"twitter:label2\" content=\"Gesch\u00e4tzte Lesezeit\" \/>\n\t<meta name=\"twitter:data2\" content=\"2\u00a0Minuten\" \/>\n<script type=\"application\/ld+json\" class=\"yoast-schema-graph\">{\"@context\":\"https:\\\/\\\/schema.org\",\"@graph\":[{\"@type\":\"Article\",\"@id\":\"https:\\\/\\\/www.buhl.de\\\/vermieter-web\\\/mietschuldenuebernahme-des-jobcenters-verpflichtung-muss-an-vermieter-gehen\\\/#article\",\"isPartOf\":{\"@id\":\"https:\\\/\\\/www.buhl.de\\\/vermieter-web\\\/mietschuldenuebernahme-des-jobcenters-verpflichtung-muss-an-vermieter-gehen\\\/\"},\"author\":{\"name\":\"Hartmut Fischer\",\"@id\":\"https:\\\/\\\/www.buhl.de\\\/vermieter-web\\\/#\\\/schema\\\/person\\\/82903e1cb04eb553382702d503991b4f\"},\"headline\":\"Mietschulden\u00fcbernahme des Jobcenters: Verpflichtung muss an Vermieter gehen\",\"datePublished\":\"2018-12-14T10:28:53+00:00\",\"mainEntityOfPage\":{\"@id\":\"https:\\\/\\\/www.buhl.de\\\/vermieter-web\\\/mietschuldenuebernahme-des-jobcenters-verpflichtung-muss-an-vermieter-gehen\\\/\"},\"wordCount\":413,\"commentCount\":0,\"image\":{\"@id\":\"https:\\\/\\\/www.buhl.de\\\/vermieter-web\\\/mietschuldenuebernahme-des-jobcenters-verpflichtung-muss-an-vermieter-gehen\\\/#primaryimage\"},\"thumbnailUrl\":\"https:\\\/\\\/www.buhl.de\\\/vermieter-web\\\/wp-content\\\/uploads\\\/sites\\\/33\\\/2018\\\/12\\\/urteil.jpg\",\"keywords\":[\"fristlose K\u00fcndigung\",\"Jobcenter\",\"Kosten\u00fcbernahme\",\"Mietschulden\"],\"inLanguage\":\"de\",\"potentialAction\":[{\"@type\":\"CommentAction\",\"name\":\"Comment\",\"target\":[\"https:\\\/\\\/www.buhl.de\\\/vermieter-web\\\/mietschuldenuebernahme-des-jobcenters-verpflichtung-muss-an-vermieter-gehen\\\/#respond\"]}]},{\"@type\":\"WebPage\",\"@id\":\"https:\\\/\\\/www.buhl.de\\\/vermieter-web\\\/mietschuldenuebernahme-des-jobcenters-verpflichtung-muss-an-vermieter-gehen\\\/\",\"url\":\"https:\\\/\\\/www.buhl.de\\\/vermieter-web\\\/mietschuldenuebernahme-des-jobcenters-verpflichtung-muss-an-vermieter-gehen\\\/\",\"name\":\"Mietschulden\u00fcbernahme des Jobcenters: Verpflichtung muss an Vermieter gehen - Online-Nebenkostenabrechnung mit WISO Vermieter-Web\",\"isPartOf\":{\"@id\":\"https:\\\/\\\/www.buhl.de\\\/vermieter-web\\\/#website\"},\"primaryImageOfPage\":{\"@id\":\"https:\\\/\\\/www.buhl.de\\\/vermieter-web\\\/mietschuldenuebernahme-des-jobcenters-verpflichtung-muss-an-vermieter-gehen\\\/#primaryimage\"},\"image\":{\"@id\":\"https:\\\/\\\/www.buhl.de\\\/vermieter-web\\\/mietschuldenuebernahme-des-jobcenters-verpflichtung-muss-an-vermieter-gehen\\\/#primaryimage\"},\"thumbnailUrl\":\"https:\\\/\\\/www.buhl.de\\\/vermieter-web\\\/wp-content\\\/uploads\\\/sites\\\/33\\\/2018\\\/12\\\/urteil.jpg\",\"datePublished\":\"2018-12-14T10:28:53+00:00\",\"author\":{\"@id\":\"https:\\\/\\\/www.buhl.de\\\/vermieter-web\\\/#\\\/schema\\\/person\\\/82903e1cb04eb553382702d503991b4f\"},\"breadcrumb\":{\"@id\":\"https:\\\/\\\/www.buhl.de\\\/vermieter-web\\\/mietschuldenuebernahme-des-jobcenters-verpflichtung-muss-an-vermieter-gehen\\\/#breadcrumb\"},\"inLanguage\":\"de\",\"potentialAction\":[{\"@type\":\"ReadAction\",\"target\":[\"https:\\\/\\\/www.buhl.de\\\/vermieter-web\\\/mietschuldenuebernahme-des-jobcenters-verpflichtung-muss-an-vermieter-gehen\\\/\"]}]},{\"@type\":\"ImageObject\",\"inLanguage\":\"de\",\"@id\":\"https:\\\/\\\/www.buhl.de\\\/vermieter-web\\\/mietschuldenuebernahme-des-jobcenters-verpflichtung-muss-an-vermieter-gehen\\\/#primaryimage\",\"url\":\"https:\\\/\\\/www.buhl.de\\\/vermieter-web\\\/wp-content\\\/uploads\\\/sites\\\/33\\\/2018\\\/12\\\/urteil.jpg\",\"contentUrl\":\"https:\\\/\\\/www.buhl.de\\\/vermieter-web\\\/wp-content\\\/uploads\\\/sites\\\/33\\\/2018\\\/12\\\/urteil.jpg\",\"width\":840,\"height\":420,\"caption\":\"Mietkosten \u00fcbernimmt das Jobcenter\"},{\"@type\":\"BreadcrumbList\",\"@id\":\"https:\\\/\\\/www.buhl.de\\\/vermieter-web\\\/mietschuldenuebernahme-des-jobcenters-verpflichtung-muss-an-vermieter-gehen\\\/#breadcrumb\",\"itemListElement\":[{\"@type\":\"ListItem\",\"position\":1,\"name\":\"Startseite\",\"item\":\"https:\\\/\\\/www.buhl.de\\\/vermieter-web\\\/\"},{\"@type\":\"ListItem\",\"position\":2,\"name\":\"Mietschulden\u00fcbernahme des Jobcenters: Verpflichtung muss an Vermieter gehen\"}]},{\"@type\":\"WebSite\",\"@id\":\"https:\\\/\\\/www.buhl.de\\\/vermieter-web\\\/#website\",\"url\":\"https:\\\/\\\/www.buhl.de\\\/vermieter-web\\\/\",\"name\":\"Online-Nebenkostenabrechnung mit WISO Vermieter-Web\",\"description\":\"\",\"potentialAction\":[{\"@type\":\"SearchAction\",\"target\":{\"@type\":\"EntryPoint\",\"urlTemplate\":\"https:\\\/\\\/www.buhl.de\\\/vermieter-web\\\/?s={search_term_string}\"},\"query-input\":{\"@type\":\"PropertyValueSpecification\",\"valueRequired\":true,\"valueName\":\"search_term_string\"}}],\"inLanguage\":\"de\"},{\"@type\":\"Person\",\"@id\":\"https:\\\/\\\/www.buhl.de\\\/vermieter-web\\\/#\\\/schema\\\/person\\\/82903e1cb04eb553382702d503991b4f\",\"name\":\"Hartmut Fischer\"}]}<\/script>\n<!-- \/ Yoast SEO Premium plugin. -->","yoast_head_json":{"title":"Mietschulden\u00fcbernahme des Jobcenters: Verpflichtung muss an Vermieter gehen - Online-Nebenkostenabrechnung mit WISO Vermieter-Web","robots":{"index":"noindex","follow":"nofollow"},"og_locale":"de_DE","og_type":"article","og_title":"Mietschulden\u00fcbernahme des Jobcenters: Verpflichtung muss an Vermieter gehen","og_description":"Verpflichtet sich ein Jobcenter, die Mietschulden eines Mieters zu \u00fcbernehmen, muss die entsprechende Ver\u00adpflichtungs\u00aderkl\u00e4rung gegen\u00fcber dem Vermieter abgegeben werden. Wird die Verpflichtung lediglich gegen\u00fcber dem Mieter abgegeben, kann der Vermieter immer noch fristlos k\u00fcndigen. Dies ergibt sich aus einem Urteil des Amtsgerichts Berlin Tempelhof-Kreuzberg vom 20.12.2018 (Aktenzeichen 14 C 188\/18) In dem Verfahren ging es &hellip; \u201eMietschulden\u00fcbernahme des Jobcenters: Verpflichtung muss an Vermieter gehen\u201c weiterlesen","og_url":"https:\/\/www.buhl.de\/vermieter-web\/mietschuldenuebernahme-des-jobcenters-verpflichtung-muss-an-vermieter-gehen\/","og_site_name":"Online-Nebenkostenabrechnung mit WISO Vermieter-Web","article_published_time":"2018-12-14T10:28:53+00:00","og_image":[{"width":840,"height":420,"url":"https:\/\/www.buhl.de\/vermieter-web\/wp-content\/uploads\/sites\/33\/2018\/12\/urteil.jpg","type":"image\/jpeg"}],"author":"Hartmut Fischer","twitter_card":"summary_large_image","twitter_misc":{"Verfasst von":"Hartmut Fischer","Gesch\u00e4tzte Lesezeit":"2\u00a0Minuten"},"schema":{"@context":"https:\/\/schema.org","@graph":[{"@type":"Article","@id":"https:\/\/www.buhl.de\/vermieter-web\/mietschuldenuebernahme-des-jobcenters-verpflichtung-muss-an-vermieter-gehen\/#article","isPartOf":{"@id":"https:\/\/www.buhl.de\/vermieter-web\/mietschuldenuebernahme-des-jobcenters-verpflichtung-muss-an-vermieter-gehen\/"},"author":{"name":"Hartmut Fischer","@id":"https:\/\/www.buhl.de\/vermieter-web\/#\/schema\/person\/82903e1cb04eb553382702d503991b4f"},"headline":"Mietschulden\u00fcbernahme des Jobcenters: Verpflichtung muss an Vermieter gehen","datePublished":"2018-12-14T10:28:53+00:00","mainEntityOfPage":{"@id":"https:\/\/www.buhl.de\/vermieter-web\/mietschuldenuebernahme-des-jobcenters-verpflichtung-muss-an-vermieter-gehen\/"},"wordCount":413,"commentCount":0,"image":{"@id":"https:\/\/www.buhl.de\/vermieter-web\/mietschuldenuebernahme-des-jobcenters-verpflichtung-muss-an-vermieter-gehen\/#primaryimage"},"thumbnailUrl":"https:\/\/www.buhl.de\/vermieter-web\/wp-content\/uploads\/sites\/33\/2018\/12\/urteil.jpg","keywords":["fristlose K\u00fcndigung","Jobcenter","Kosten\u00fcbernahme","Mietschulden"],"inLanguage":"de","potentialAction":[{"@type":"CommentAction","name":"Comment","target":["https:\/\/www.buhl.de\/vermieter-web\/mietschuldenuebernahme-des-jobcenters-verpflichtung-muss-an-vermieter-gehen\/#respond"]}]},{"@type":"WebPage","@id":"https:\/\/www.buhl.de\/vermieter-web\/mietschuldenuebernahme-des-jobcenters-verpflichtung-muss-an-vermieter-gehen\/","url":"https:\/\/www.buhl.de\/vermieter-web\/mietschuldenuebernahme-des-jobcenters-verpflichtung-muss-an-vermieter-gehen\/","name":"Mietschulden\u00fcbernahme des Jobcenters: Verpflichtung muss an Vermieter gehen - Online-Nebenkostenabrechnung mit WISO Vermieter-Web","isPartOf":{"@id":"https:\/\/www.buhl.de\/vermieter-web\/#website"},"primaryImageOfPage":{"@id":"https:\/\/www.buhl.de\/vermieter-web\/mietschuldenuebernahme-des-jobcenters-verpflichtung-muss-an-vermieter-gehen\/#primaryimage"},"image":{"@id":"https:\/\/www.buhl.de\/vermieter-web\/mietschuldenuebernahme-des-jobcenters-verpflichtung-muss-an-vermieter-gehen\/#primaryimage"},"thumbnailUrl":"https:\/\/www.buhl.de\/vermieter-web\/wp-content\/uploads\/sites\/33\/2018\/12\/urteil.jpg","datePublished":"2018-12-14T10:28:53+00:00","author":{"@id":"https:\/\/www.buhl.de\/vermieter-web\/#\/schema\/person\/82903e1cb04eb553382702d503991b4f"},"breadcrumb":{"@id":"https:\/\/www.buhl.de\/vermieter-web\/mietschuldenuebernahme-des-jobcenters-verpflichtung-muss-an-vermieter-gehen\/#breadcrumb"},"inLanguage":"de","potentialAction":[{"@type":"ReadAction","target":["https:\/\/www.buhl.de\/vermieter-web\/mietschuldenuebernahme-des-jobcenters-verpflichtung-muss-an-vermieter-gehen\/"]}]},{"@type":"ImageObject","inLanguage":"de","@id":"https:\/\/www.buhl.de\/vermieter-web\/mietschuldenuebernahme-des-jobcenters-verpflichtung-muss-an-vermieter-gehen\/#primaryimage","url":"https:\/\/www.buhl.de\/vermieter-web\/wp-content\/uploads\/sites\/33\/2018\/12\/urteil.jpg","contentUrl":"https:\/\/www.buhl.de\/vermieter-web\/wp-content\/uploads\/sites\/33\/2018\/12\/urteil.jpg","width":840,"height":420,"caption":"Mietkosten \u00fcbernimmt das Jobcenter"},{"@type":"BreadcrumbList","@id":"https:\/\/www.buhl.de\/vermieter-web\/mietschuldenuebernahme-des-jobcenters-verpflichtung-muss-an-vermieter-gehen\/#breadcrumb","itemListElement":[{"@type":"ListItem","position":1,"name":"Startseite","item":"https:\/\/www.buhl.de\/vermieter-web\/"},{"@type":"ListItem","position":2,"name":"Mietschulden\u00fcbernahme des Jobcenters: Verpflichtung muss an Vermieter gehen"}]},{"@type":"WebSite","@id":"https:\/\/www.buhl.de\/vermieter-web\/#website","url":"https:\/\/www.buhl.de\/vermieter-web\/","name":"Online-Nebenkostenabrechnung mit WISO Vermieter-Web","description":"","potentialAction":[{"@type":"SearchAction","target":{"@type":"EntryPoint","urlTemplate":"https:\/\/www.buhl.de\/vermieter-web\/?s={search_term_string}"},"query-input":{"@type":"PropertyValueSpecification","valueRequired":true,"valueName":"search_term_string"}}],"inLanguage":"de"},{"@type":"Person","@id":"https:\/\/www.buhl.de\/vermieter-web\/#\/schema\/person\/82903e1cb04eb553382702d503991b4f","name":"Hartmut Fischer"}]}},"_links":{"self":[{"href":"https:\/\/www.buhl.de\/vermieter-web\/wp-json\/wp\/v2\/posts\/9219","targetHints":{"allow":["GET"]}}],"collection":[{"href":"https:\/\/www.buhl.de\/vermieter-web\/wp-json\/wp\/v2\/posts"}],"about":[{"href":"https:\/\/www.buhl.de\/vermieter-web\/wp-json\/wp\/v2\/types\/post"}],"author":[{"embeddable":true,"href":"https:\/\/www.buhl.de\/vermieter-web\/wp-json\/wp\/v2\/users\/15"}],"replies":[{"embeddable":true,"href":"https:\/\/www.buhl.de\/vermieter-web\/wp-json\/wp\/v2\/comments?post=9219"}],"version-history":[{"count":2,"href":"https:\/\/www.buhl.de\/vermieter-web\/wp-json\/wp\/v2\/posts\/9219\/revisions"}],"predecessor-version":[{"id":9223,"href":"https:\/\/www.buhl.de\/vermieter-web\/wp-json\/wp\/v2\/posts\/9219\/revisions\/9223"}],"wp:featuredmedia":[{"embeddable":true,"href":"https:\/\/www.buhl.de\/vermieter-web\/wp-json\/wp\/v2\/media\/9222"}],"wp:attachment":[{"href":"https:\/\/www.buhl.de\/vermieter-web\/wp-json\/wp\/v2\/media?parent=9219"}],"wp:term":[{"taxonomy":"category","embeddable":true,"href":"https:\/\/www.buhl.de\/vermieter-web\/wp-json\/wp\/v2\/categories?post=9219"},{"taxonomy":"post_tag","embeddable":true,"href":"https:\/\/www.buhl.de\/vermieter-web\/wp-json\/wp\/v2\/tags?post=9219"}],"curies":[{"name":"wp","href":"https:\/\/api.w.org\/{rel}","templated":true}]}}