{"id":9322,"date":"2019-01-22T13:16:19","date_gmt":"2019-01-22T12:16:19","guid":{"rendered":"http:\/\/www.buhl.de\/vermieter-web\/?p=9322"},"modified":"2019-06-18T12:03:36","modified_gmt":"2019-06-18T10:03:36","slug":"einbaukueche-und-ortsuebliche-vergleichsmiete","status":"publish","type":"post","link":"https:\/\/www.buhl.de\/vermieter-web\/einbaukueche-und-ortsuebliche-vergleichsmiete\/","title":{"rendered":"Einbauk\u00fcche und orts\u00fcbliche Vergleichsmiete"},"content":{"rendered":"<p><strong>Wurde eine Wohnung mit einer Einbauk\u00fcche vermietet, wird dies in der Festlegung der orts\u00fcblichen Vergleichsmiete grunds\u00e4tzlich ber\u00fccksichtigt. Wurde die K\u00fcche jedoch vom Mieter auf eigene Kosten durch eine neue ersetzt, bleibt die neue K\u00fcche bei der Berechnung der orts\u00fcblichen Vergleichsmiete unber\u00fccksichtigt. Das hat der Bundesgerichtshof (BGH) in einem Urteil vom 24.10.2018 entschieden (Aktenzeichen VIII ZR 52\/18)<\/strong><\/p>\n<p>In dem Verfahren ging es um ein Mieterh\u00f6hungsverlangen. In diesem Verlangen wurde eine moderne K\u00fcchenausstattung zur Ermittlung der orts\u00fcblichen Vergleichsmiete ber\u00fccksichtigt. Hiermit war der Mieter nicht einverstanden. Er hatte kurz nach dem Einzug die alte Einbauk\u00fcche des Vermieters mit dessen Zustimmung entfernt und durch eine neue, moderne K\u00fcche ersetzt. Die Kosten f\u00fcr Abbruch der alten und Aufbau der neuen K\u00fcche wurden vom Mieter getragen. Vor diesem Hintergrund weigerte sich der Mieter dem Mieterh\u00f6hungsverlangen zuzustimmen, worauf hin der Vermieter klagte.<\/p>\n<p>Das zust\u00e4ndige Amtsgericht entschied gegen den Vermieter, das Landgericht Berlin gab ihm jedoch Recht. Bei der K\u00fcche handele es sich um eine wohnwerterh\u00f6hende Ausstattung, die der Vermieter zur Verf\u00fcgung stelle. Gegen diese Entscheidung legte der Mieter Revision beim BGH ein.<\/p>\n<p>Dort entschieden die Richter letztinstanzlich, dass die K\u00fcche nun doch nicht als vermieterseitige Zusatzleistung angesehen werden k\u00f6nne. Deshalb d\u00fcrfe sie auch nicht bei der Ermittlung der orts\u00fcblichen Vergleichsmiete ber\u00fccksichtigt werden. Die K\u00fcche sei letztlich vom Mieter zur Verf\u00fcgung gestellt worden und unterliege weder der Gebrauchsgew\u00e4hrungs- noch der Instandhaltungspflicht des Vermieters.<\/p>\n<p>Dabei spiele es keine Rolle, dass beim Einzug des Mieters sich bereits eine K\u00fcche in der Wohnung befunden habe. Der Mieter habe ja die Erlaubnis des Vermieters gehabt, diese K\u00fcche zu entfernen und eine neue anzuschaffen.<\/p>\n<p>Ob die Mietparteien wollten, dass die neue K\u00fcche bei der orts\u00fcblichen Vergleichsmiete ber\u00fccksichtigt werde, musste das Gericht nach Ansicht des BGH nicht entscheiden. Bei der Ermittlung der orts\u00fcblichen Vergleichsmiete sei vom objektiven, aktuellen Zustand der Wohnung auszugehen. Die widersprechenden Vereinbarungen seien nach \u00a7 558 Abs. 6 BGB unwirksam.<\/p>\n<p>Das k\u00f6nnte Sie auch interessieren:<\/p>\n<ul>\n<li><a href=\"\/vermieter-web\/mieterhoehungsverlangen-und-ortsuebliche-vergleichsmiete\/\">Mieterh\u00f6hungsverlangen und orts\u00fcbliche Vergleichsmiete<\/a><\/li>\n<li><a href=\"\/vermieter-web\/mieterhoehung-sachverstaendiger-muss-wohnung-nicht-besichtigen\/\">Mieterh\u00f6hung: Sachverst\u00e4ndiger muss Wohnung nicht besichtigen<\/a><\/li>\n<li><a href=\"\/vermieter-web\/kein-schadenersatz-bei-mietpreis-bremsversagen\/\">Kein Schadenersatz bei (Mietpreis-)Bremsversagen<\/a><\/li>\n<\/ul>\n","protected":false},"excerpt":{"rendered":"<p>Wurde eine Wohnung mit einer Einbauk\u00fcche vermietet, wird dies in der Festlegung der orts\u00fcblichen Vergleichsmiete grunds\u00e4tzlich ber\u00fccksichtigt. Wurde die K\u00fcche jedoch vom Mieter auf eigene Kosten durch eine neue ersetzt, bleibt die neue K\u00fcche bei der Berechnung der orts\u00fcblichen Vergleichsmiete unber\u00fccksichtigt. Das hat der Bundesgerichtshof (BGH) in einem Urteil vom 24.10.2018 entschieden (Aktenzeichen VIII ZR &hellip; <\/p>\n<p class=\"link-more\"><a href=\"https:\/\/www.buhl.de\/vermieter-web\/einbaukueche-und-ortsuebliche-vergleichsmiete\/\" class=\"more-link\"><span class=\"screen-reader-text\">\u201eEinbauk\u00fcche und orts\u00fcbliche Vergleichsmiete\u201c<\/span> weiterlesen<\/a><\/p>\n","protected":false},"author":15,"featured_media":9325,"comment_status":"open","ping_status":"open","sticky":false,"template":"","format":"standard","meta":{"footnotes":""},"categories":[1],"tags":[492,387,2023],"class_list":["post-9322","post","type-post","status-publish","format-standard","has-post-thumbnail","hentry","category-allgemein","tag-einbaukueche","tag-mieterhoehung","tag-ortsuebliche-vergleichsmiete"],"yoast_head":"<!-- This site is optimized with the Yoast SEO Premium plugin v27.4 (Yoast SEO v27.5) - https:\/\/yoast.com\/product\/yoast-seo-premium-wordpress\/ -->\n<title>Einbauk\u00fcche des Mieters und die orts\u00fcbliche Vergleichsmiete<\/title>\n<meta name=\"description\" content=\"Wird eine Einbauk\u00fcche vom Mieter auf eigene Kosten durch eine neue ersetzt, bleibt die neue K\u00fcche bei der Berechnung der orts\u00fcblichen Vergleichsmiete unber\u00fccksichtigt. Das hat der Bundesgerichtshof (BGH) in einem Urteil vom 24.10.2018 entschieden (Aktenzeichen VIII ZR 52\/18)\" \/>\n<meta name=\"robots\" content=\"noindex, nofollow\" \/>\n<meta property=\"og:locale\" content=\"de_DE\" \/>\n<meta property=\"og:type\" content=\"article\" \/>\n<meta property=\"og:title\" content=\"Einbauk\u00fcche und orts\u00fcbliche Vergleichsmiete\" \/>\n<meta property=\"og:description\" content=\"Wird eine Einbauk\u00fcche vom Mieter auf eigene Kosten durch eine neue ersetzt, bleibt die neue K\u00fcche bei der Berechnung der orts\u00fcblichen Vergleichsmiete unber\u00fccksichtigt. Das hat der Bundesgerichtshof (BGH) in einem Urteil vom 24.10.2018 entschieden (Aktenzeichen VIII ZR 52\/18)\" \/>\n<meta property=\"og:url\" content=\"https:\/\/www.buhl.de\/vermieter-web\/einbaukueche-und-ortsuebliche-vergleichsmiete\/\" \/>\n<meta property=\"og:site_name\" content=\"Online-Nebenkostenabrechnung mit WISO Vermieter-Web\" \/>\n<meta property=\"article:published_time\" content=\"2019-01-22T12:16:19+00:00\" \/>\n<meta property=\"article:modified_time\" content=\"2019-06-18T10:03:36+00:00\" \/>\n<meta property=\"og:image\" content=\"https:\/\/www.buhl.de\/vermieter-web\/wp-content\/uploads\/sites\/33\/2019\/01\/kueche.jpg\" \/>\n\t<meta property=\"og:image:width\" content=\"840\" \/>\n\t<meta property=\"og:image:height\" content=\"420\" \/>\n\t<meta property=\"og:image:type\" content=\"image\/jpeg\" \/>\n<meta name=\"author\" content=\"Hartmut Fischer\" \/>\n<meta name=\"twitter:card\" content=\"summary_large_image\" \/>\n<meta name=\"twitter:label1\" content=\"Verfasst von\" \/>\n\t<meta name=\"twitter:data1\" content=\"Hartmut Fischer\" \/>\n\t<meta name=\"twitter:label2\" content=\"Gesch\u00e4tzte Lesezeit\" \/>\n\t<meta name=\"twitter:data2\" content=\"2\u00a0Minuten\" \/>\n<script type=\"application\/ld+json\" class=\"yoast-schema-graph\">{\"@context\":\"https:\\\/\\\/schema.org\",\"@graph\":[{\"@type\":\"Article\",\"@id\":\"https:\\\/\\\/www.buhl.de\\\/vermieter-web\\\/einbaukueche-und-ortsuebliche-vergleichsmiete\\\/#article\",\"isPartOf\":{\"@id\":\"https:\\\/\\\/www.buhl.de\\\/vermieter-web\\\/einbaukueche-und-ortsuebliche-vergleichsmiete\\\/\"},\"author\":{\"name\":\"Hartmut Fischer\",\"@id\":\"https:\\\/\\\/www.buhl.de\\\/vermieter-web\\\/#\\\/schema\\\/person\\\/82903e1cb04eb553382702d503991b4f\"},\"headline\":\"Einbauk\u00fcche und orts\u00fcbliche Vergleichsmiete\",\"datePublished\":\"2019-01-22T12:16:19+00:00\",\"dateModified\":\"2019-06-18T10:03:36+00:00\",\"mainEntityOfPage\":{\"@id\":\"https:\\\/\\\/www.buhl.de\\\/vermieter-web\\\/einbaukueche-und-ortsuebliche-vergleichsmiete\\\/\"},\"wordCount\":370,\"commentCount\":0,\"image\":{\"@id\":\"https:\\\/\\\/www.buhl.de\\\/vermieter-web\\\/einbaukueche-und-ortsuebliche-vergleichsmiete\\\/#primaryimage\"},\"thumbnailUrl\":\"https:\\\/\\\/www.buhl.de\\\/vermieter-web\\\/wp-content\\\/uploads\\\/sites\\\/33\\\/2019\\\/01\\\/kueche.jpg\",\"keywords\":[\"Einbauk\u00fcche\",\"Mieterh\u00f6hung\",\"Orts\u00fcbliche Vergleichsmiete\"],\"inLanguage\":\"de\",\"potentialAction\":[{\"@type\":\"CommentAction\",\"name\":\"Comment\",\"target\":[\"https:\\\/\\\/www.buhl.de\\\/vermieter-web\\\/einbaukueche-und-ortsuebliche-vergleichsmiete\\\/#respond\"]}]},{\"@type\":\"WebPage\",\"@id\":\"https:\\\/\\\/www.buhl.de\\\/vermieter-web\\\/einbaukueche-und-ortsuebliche-vergleichsmiete\\\/\",\"url\":\"https:\\\/\\\/www.buhl.de\\\/vermieter-web\\\/einbaukueche-und-ortsuebliche-vergleichsmiete\\\/\",\"name\":\"Einbauk\u00fcche des Mieters und die orts\u00fcbliche Vergleichsmiete\",\"isPartOf\":{\"@id\":\"https:\\\/\\\/www.buhl.de\\\/vermieter-web\\\/#website\"},\"primaryImageOfPage\":{\"@id\":\"https:\\\/\\\/www.buhl.de\\\/vermieter-web\\\/einbaukueche-und-ortsuebliche-vergleichsmiete\\\/#primaryimage\"},\"image\":{\"@id\":\"https:\\\/\\\/www.buhl.de\\\/vermieter-web\\\/einbaukueche-und-ortsuebliche-vergleichsmiete\\\/#primaryimage\"},\"thumbnailUrl\":\"https:\\\/\\\/www.buhl.de\\\/vermieter-web\\\/wp-content\\\/uploads\\\/sites\\\/33\\\/2019\\\/01\\\/kueche.jpg\",\"datePublished\":\"2019-01-22T12:16:19+00:00\",\"dateModified\":\"2019-06-18T10:03:36+00:00\",\"author\":{\"@id\":\"https:\\\/\\\/www.buhl.de\\\/vermieter-web\\\/#\\\/schema\\\/person\\\/82903e1cb04eb553382702d503991b4f\"},\"description\":\"Wird eine Einbauk\u00fcche vom Mieter auf eigene Kosten durch eine neue ersetzt, bleibt die neue K\u00fcche bei der Berechnung der orts\u00fcblichen Vergleichsmiete unber\u00fccksichtigt. Das hat der Bundesgerichtshof (BGH) in einem Urteil vom 24.10.2018 entschieden (Aktenzeichen VIII ZR 52\\\/18)\",\"breadcrumb\":{\"@id\":\"https:\\\/\\\/www.buhl.de\\\/vermieter-web\\\/einbaukueche-und-ortsuebliche-vergleichsmiete\\\/#breadcrumb\"},\"inLanguage\":\"de\",\"potentialAction\":[{\"@type\":\"ReadAction\",\"target\":[\"https:\\\/\\\/www.buhl.de\\\/vermieter-web\\\/einbaukueche-und-ortsuebliche-vergleichsmiete\\\/\"]}]},{\"@type\":\"ImageObject\",\"inLanguage\":\"de\",\"@id\":\"https:\\\/\\\/www.buhl.de\\\/vermieter-web\\\/einbaukueche-und-ortsuebliche-vergleichsmiete\\\/#primaryimage\",\"url\":\"https:\\\/\\\/www.buhl.de\\\/vermieter-web\\\/wp-content\\\/uploads\\\/sites\\\/33\\\/2019\\\/01\\\/kueche.jpg\",\"contentUrl\":\"https:\\\/\\\/www.buhl.de\\\/vermieter-web\\\/wp-content\\\/uploads\\\/sites\\\/33\\\/2019\\\/01\\\/kueche.jpg\",\"width\":840,\"height\":420,\"caption\":\"Eine vom Mieter ersetzte modernere Einbauk\u00fcche darf bei der Bestimmung der orts\u00fcblichen Vergleichsmiete nicht ber\u00fccksichtigt werden.\"},{\"@type\":\"BreadcrumbList\",\"@id\":\"https:\\\/\\\/www.buhl.de\\\/vermieter-web\\\/einbaukueche-und-ortsuebliche-vergleichsmiete\\\/#breadcrumb\",\"itemListElement\":[{\"@type\":\"ListItem\",\"position\":1,\"name\":\"Startseite\",\"item\":\"https:\\\/\\\/www.buhl.de\\\/vermieter-web\\\/\"},{\"@type\":\"ListItem\",\"position\":2,\"name\":\"Einbauk\u00fcche und orts\u00fcbliche Vergleichsmiete\"}]},{\"@type\":\"WebSite\",\"@id\":\"https:\\\/\\\/www.buhl.de\\\/vermieter-web\\\/#website\",\"url\":\"https:\\\/\\\/www.buhl.de\\\/vermieter-web\\\/\",\"name\":\"Online-Nebenkostenabrechnung mit WISO Vermieter-Web\",\"description\":\"\",\"potentialAction\":[{\"@type\":\"SearchAction\",\"target\":{\"@type\":\"EntryPoint\",\"urlTemplate\":\"https:\\\/\\\/www.buhl.de\\\/vermieter-web\\\/?s={search_term_string}\"},\"query-input\":{\"@type\":\"PropertyValueSpecification\",\"valueRequired\":true,\"valueName\":\"search_term_string\"}}],\"inLanguage\":\"de\"},{\"@type\":\"Person\",\"@id\":\"https:\\\/\\\/www.buhl.de\\\/vermieter-web\\\/#\\\/schema\\\/person\\\/82903e1cb04eb553382702d503991b4f\",\"name\":\"Hartmut Fischer\"}]}<\/script>\n<!-- \/ Yoast SEO Premium plugin. -->","yoast_head_json":{"title":"Einbauk\u00fcche des Mieters und die orts\u00fcbliche Vergleichsmiete","description":"Wird eine Einbauk\u00fcche vom Mieter auf eigene Kosten durch eine neue ersetzt, bleibt die neue K\u00fcche bei der Berechnung der orts\u00fcblichen Vergleichsmiete unber\u00fccksichtigt. Das hat der Bundesgerichtshof (BGH) in einem Urteil vom 24.10.2018 entschieden (Aktenzeichen VIII ZR 52\/18)","robots":{"index":"noindex","follow":"nofollow"},"og_locale":"de_DE","og_type":"article","og_title":"Einbauk\u00fcche und orts\u00fcbliche Vergleichsmiete","og_description":"Wird eine Einbauk\u00fcche vom Mieter auf eigene Kosten durch eine neue ersetzt, bleibt die neue K\u00fcche bei der Berechnung der orts\u00fcblichen Vergleichsmiete unber\u00fccksichtigt. Das hat der Bundesgerichtshof (BGH) in einem Urteil vom 24.10.2018 entschieden (Aktenzeichen VIII ZR 52\/18)","og_url":"https:\/\/www.buhl.de\/vermieter-web\/einbaukueche-und-ortsuebliche-vergleichsmiete\/","og_site_name":"Online-Nebenkostenabrechnung mit WISO Vermieter-Web","article_published_time":"2019-01-22T12:16:19+00:00","article_modified_time":"2019-06-18T10:03:36+00:00","og_image":[{"width":840,"height":420,"url":"https:\/\/www.buhl.de\/vermieter-web\/wp-content\/uploads\/sites\/33\/2019\/01\/kueche.jpg","type":"image\/jpeg"}],"author":"Hartmut Fischer","twitter_card":"summary_large_image","twitter_misc":{"Verfasst von":"Hartmut Fischer","Gesch\u00e4tzte Lesezeit":"2\u00a0Minuten"},"schema":{"@context":"https:\/\/schema.org","@graph":[{"@type":"Article","@id":"https:\/\/www.buhl.de\/vermieter-web\/einbaukueche-und-ortsuebliche-vergleichsmiete\/#article","isPartOf":{"@id":"https:\/\/www.buhl.de\/vermieter-web\/einbaukueche-und-ortsuebliche-vergleichsmiete\/"},"author":{"name":"Hartmut Fischer","@id":"https:\/\/www.buhl.de\/vermieter-web\/#\/schema\/person\/82903e1cb04eb553382702d503991b4f"},"headline":"Einbauk\u00fcche und orts\u00fcbliche Vergleichsmiete","datePublished":"2019-01-22T12:16:19+00:00","dateModified":"2019-06-18T10:03:36+00:00","mainEntityOfPage":{"@id":"https:\/\/www.buhl.de\/vermieter-web\/einbaukueche-und-ortsuebliche-vergleichsmiete\/"},"wordCount":370,"commentCount":0,"image":{"@id":"https:\/\/www.buhl.de\/vermieter-web\/einbaukueche-und-ortsuebliche-vergleichsmiete\/#primaryimage"},"thumbnailUrl":"https:\/\/www.buhl.de\/vermieter-web\/wp-content\/uploads\/sites\/33\/2019\/01\/kueche.jpg","keywords":["Einbauk\u00fcche","Mieterh\u00f6hung","Orts\u00fcbliche Vergleichsmiete"],"inLanguage":"de","potentialAction":[{"@type":"CommentAction","name":"Comment","target":["https:\/\/www.buhl.de\/vermieter-web\/einbaukueche-und-ortsuebliche-vergleichsmiete\/#respond"]}]},{"@type":"WebPage","@id":"https:\/\/www.buhl.de\/vermieter-web\/einbaukueche-und-ortsuebliche-vergleichsmiete\/","url":"https:\/\/www.buhl.de\/vermieter-web\/einbaukueche-und-ortsuebliche-vergleichsmiete\/","name":"Einbauk\u00fcche des Mieters und die orts\u00fcbliche Vergleichsmiete","isPartOf":{"@id":"https:\/\/www.buhl.de\/vermieter-web\/#website"},"primaryImageOfPage":{"@id":"https:\/\/www.buhl.de\/vermieter-web\/einbaukueche-und-ortsuebliche-vergleichsmiete\/#primaryimage"},"image":{"@id":"https:\/\/www.buhl.de\/vermieter-web\/einbaukueche-und-ortsuebliche-vergleichsmiete\/#primaryimage"},"thumbnailUrl":"https:\/\/www.buhl.de\/vermieter-web\/wp-content\/uploads\/sites\/33\/2019\/01\/kueche.jpg","datePublished":"2019-01-22T12:16:19+00:00","dateModified":"2019-06-18T10:03:36+00:00","author":{"@id":"https:\/\/www.buhl.de\/vermieter-web\/#\/schema\/person\/82903e1cb04eb553382702d503991b4f"},"description":"Wird eine Einbauk\u00fcche vom Mieter auf eigene Kosten durch eine neue ersetzt, bleibt die neue K\u00fcche bei der Berechnung der orts\u00fcblichen Vergleichsmiete unber\u00fccksichtigt. Das hat der Bundesgerichtshof (BGH) in einem Urteil vom 24.10.2018 entschieden (Aktenzeichen VIII ZR 52\/18)","breadcrumb":{"@id":"https:\/\/www.buhl.de\/vermieter-web\/einbaukueche-und-ortsuebliche-vergleichsmiete\/#breadcrumb"},"inLanguage":"de","potentialAction":[{"@type":"ReadAction","target":["https:\/\/www.buhl.de\/vermieter-web\/einbaukueche-und-ortsuebliche-vergleichsmiete\/"]}]},{"@type":"ImageObject","inLanguage":"de","@id":"https:\/\/www.buhl.de\/vermieter-web\/einbaukueche-und-ortsuebliche-vergleichsmiete\/#primaryimage","url":"https:\/\/www.buhl.de\/vermieter-web\/wp-content\/uploads\/sites\/33\/2019\/01\/kueche.jpg","contentUrl":"https:\/\/www.buhl.de\/vermieter-web\/wp-content\/uploads\/sites\/33\/2019\/01\/kueche.jpg","width":840,"height":420,"caption":"Eine vom Mieter ersetzte modernere Einbauk\u00fcche darf bei der Bestimmung der orts\u00fcblichen Vergleichsmiete nicht ber\u00fccksichtigt werden."},{"@type":"BreadcrumbList","@id":"https:\/\/www.buhl.de\/vermieter-web\/einbaukueche-und-ortsuebliche-vergleichsmiete\/#breadcrumb","itemListElement":[{"@type":"ListItem","position":1,"name":"Startseite","item":"https:\/\/www.buhl.de\/vermieter-web\/"},{"@type":"ListItem","position":2,"name":"Einbauk\u00fcche und orts\u00fcbliche Vergleichsmiete"}]},{"@type":"WebSite","@id":"https:\/\/www.buhl.de\/vermieter-web\/#website","url":"https:\/\/www.buhl.de\/vermieter-web\/","name":"Online-Nebenkostenabrechnung mit WISO Vermieter-Web","description":"","potentialAction":[{"@type":"SearchAction","target":{"@type":"EntryPoint","urlTemplate":"https:\/\/www.buhl.de\/vermieter-web\/?s={search_term_string}"},"query-input":{"@type":"PropertyValueSpecification","valueRequired":true,"valueName":"search_term_string"}}],"inLanguage":"de"},{"@type":"Person","@id":"https:\/\/www.buhl.de\/vermieter-web\/#\/schema\/person\/82903e1cb04eb553382702d503991b4f","name":"Hartmut Fischer"}]}},"_links":{"self":[{"href":"https:\/\/www.buhl.de\/vermieter-web\/wp-json\/wp\/v2\/posts\/9322","targetHints":{"allow":["GET"]}}],"collection":[{"href":"https:\/\/www.buhl.de\/vermieter-web\/wp-json\/wp\/v2\/posts"}],"about":[{"href":"https:\/\/www.buhl.de\/vermieter-web\/wp-json\/wp\/v2\/types\/post"}],"author":[{"embeddable":true,"href":"https:\/\/www.buhl.de\/vermieter-web\/wp-json\/wp\/v2\/users\/15"}],"replies":[{"embeddable":true,"href":"https:\/\/www.buhl.de\/vermieter-web\/wp-json\/wp\/v2\/comments?post=9322"}],"version-history":[{"count":2,"href":"https:\/\/www.buhl.de\/vermieter-web\/wp-json\/wp\/v2\/posts\/9322\/revisions"}],"predecessor-version":[{"id":9609,"href":"https:\/\/www.buhl.de\/vermieter-web\/wp-json\/wp\/v2\/posts\/9322\/revisions\/9609"}],"wp:featuredmedia":[{"embeddable":true,"href":"https:\/\/www.buhl.de\/vermieter-web\/wp-json\/wp\/v2\/media\/9325"}],"wp:attachment":[{"href":"https:\/\/www.buhl.de\/vermieter-web\/wp-json\/wp\/v2\/media?parent=9322"}],"wp:term":[{"taxonomy":"category","embeddable":true,"href":"https:\/\/www.buhl.de\/vermieter-web\/wp-json\/wp\/v2\/categories?post=9322"},{"taxonomy":"post_tag","embeddable":true,"href":"https:\/\/www.buhl.de\/vermieter-web\/wp-json\/wp\/v2\/tags?post=9322"}],"curies":[{"name":"wp","href":"https:\/\/api.w.org\/{rel}","templated":true}]}}