{"id":9412,"date":"2019-03-14T11:07:31","date_gmt":"2019-03-14T10:07:31","guid":{"rendered":"http:\/\/www.buhl.de\/vermieter-web\/?p=9412"},"modified":"2019-03-14T11:07:31","modified_gmt":"2019-03-14T10:07:31","slug":"geschaeftsraeume-sind-keine-wohnraeume","status":"publish","type":"post","link":"https:\/\/www.buhl.de\/vermieter-web\/geschaeftsraeume-sind-keine-wohnraeume\/","title":{"rendered":"Gesch\u00e4ftsr\u00e4ume sind keine Wohnr\u00e4ume"},"content":{"rendered":"<p><strong>Werden Gesch\u00e4ftsr\u00e4ume vom Mieter zu Wohnzwecken genutzt, ist dies nicht zul\u00e4ssig. Der Vermieter kann jederzeit die vertraglich vereinbarte Nutzung fordern. Eine Verj\u00e4hrung dieses Anspruchs des Vermieters kann in einem laufenden Mietverh\u00e4ltnis nicht verj\u00e4hren. Dies ist das Ergebnis eines Urteils des Bundesgerichtshofs (BGH) vom 19.12.2018 (Aktenzeichen XII ZR 5\/18).<\/strong><\/p>\n<p>In dem Streitfall ging es um einen Mieter, der laut Mietvertrag die Erdgeschossetage, den ersten Stock und drei Kellerr\u00e4ume angemietet hatte. Im Vertrag wurde vereinbart \u201eDie Vermietung erfolgt zum Betrieb eines Rechtsanwaltsb\u00fcros\u201c. Die R\u00e4ume in der ersten Etage wurden vom Mieter jedoch als Wohnung genutzt.<\/p>\n<p>Der Vermieter erwarb die Immobilie w\u00e4hrend des laufenden Mietverh\u00e4ltnisses und bot dem Mieter an, f\u00fcr die obere Etage einen Nachtrag zum Mietvertrag abzuschlie\u00dfen, der die Nutzung des ersten Stocks zu Wohnzwecken erlauben w\u00fcrde. Dies lehnte der Mieter jedoch ab. Daraufhin forderte der Vermieter, die zu Gesch\u00e4ftszwecken angemieteten R\u00e4ume nicht mehr zu Wohnzwecken zu nutzen. Auch dieser Aufforderung kam der Mieter nicht nach.\u00a0 Der Vermieter klagte deshalb, um den Mieter zu zwingen, die Wohnung aufzugeben.<\/p>\n<p>Sowohl das Landesgericht als auch das Oberlandesgericht stellten sich auf die Seite des Vermieters. Auch mit der Revision vor dem BGH konnte sich der Mieter nicht durchsetzen. Auch hier stellten die Richter fest, dass die bewohnten R\u00e4ume ausschlie\u00dflich als Gesch\u00e4ftsr\u00e4ume angemietet wurden.<\/p>\n<p>Die Vermietung erfolgte laut Mietvertrag zum Betrieb eines Rechtsanwaltsb\u00fcros. Die Nutzung der Mietr\u00e4ume zu jedwedem anderen Zweck bed\u00fcrfe der ausdr\u00fccklichen schriftlichen Genehmigung Eine solche schriftliche Genehmigung hinsichtlich einer Nutzung zu Wohnzwecken liege aber nicht vor. Der Mieter habe auch nicht bewiesen, dass sich der Vermieter m\u00fcndlich mit einer Nutzung zu Wohnzwecken einverstanden erkl\u00e4rt habe. Die gem\u00e4\u00df \u00a7 541 BGB erforderliche Abmahnung sei erfolgt.<\/p>\n<p>Der Unterlassungsanspruch des Vermieters sei auch nicht verj\u00e4hrt. Zwar verj\u00e4hre auch ein Unterlassungsanspruch in drei Jahren, wobei die Verj\u00e4hrungsfrist grunds\u00e4tzlich mit der Zuwiderhandlung zu laufen beginne. Im vorliegenden Fall sei jedoch von einem Dauerversto\u00df mit der Folge auszugehen, dass der Anspruch des Vermieters auf Unterlassung w\u00e4hrend der Mietzeit st\u00e4ndig neu entstehe und mithin w\u00e4hrend der Mietzeit nicht verj\u00e4hre.<\/p>\n<p>Die (vertragliche) Pflicht, bei Gewerberaummietverh\u00e4ltnissen eine Wohnnutzung ohne Erlaubnis des Vermieters zu unterlassen, stelle eine in die Zukunft gerichtete Dauerverpflichtung dar. Diese Pflicht des Mieters ersch\u00f6pfe sich nicht in einer einmaligen Unterlassung, sondern gehe dahin, die Mietsache w\u00e4hrend der Mietzeit zu keinem Zeitpunkt als Wohnung zu nutzen, und entstehe daher w\u00e4hrend des Mietverh\u00e4ltnisses st\u00e4ndig neu. Bei dem Versto\u00df gegen (Dauer-)Unterlassungspflichten spr\u00e4chen auch Sinn und Zweck der Verj\u00e4hrungsvorschriften nicht f\u00fcr eine Verj\u00e4hrung des Unterlassungsanspruchs, weil keine Verdunkelungsgefahr durch Zeitablauf bestehe.<\/p>\n<p>&nbsp;<\/p>\n","protected":false},"excerpt":{"rendered":"<p>Werden Gesch\u00e4ftsr\u00e4ume vom Mieter zu Wohnzwecken genutzt, ist dies nicht zul\u00e4ssig. Der Vermieter kann jederzeit die vertraglich vereinbarte Nutzung fordern. Eine Verj\u00e4hrung dieses Anspruchs des Vermieters kann in einem laufenden Mietverh\u00e4ltnis nicht verj\u00e4hren. Dies ist das Ergebnis eines Urteils des Bundesgerichtshofs (BGH) vom 19.12.2018 (Aktenzeichen XII ZR 5\/18). In dem Streitfall ging es um einen &hellip; <\/p>\n<p class=\"link-more\"><a href=\"https:\/\/www.buhl.de\/vermieter-web\/geschaeftsraeume-sind-keine-wohnraeume\/\" class=\"more-link\"><span class=\"screen-reader-text\">\u201eGesch\u00e4ftsr\u00e4ume sind keine Wohnr\u00e4ume\u201c<\/span> weiterlesen<\/a><\/p>\n","protected":false},"author":15,"featured_media":9414,"comment_status":"open","ping_status":"open","sticky":false,"template":"","format":"standard","meta":{"footnotes":""},"categories":[1],"tags":[441,604],"class_list":["post-9412","post","type-post","status-publish","format-standard","has-post-thumbnail","hentry","category-allgemein","tag-gewerbemietvertrag","tag-wohnraum"],"yoast_head":"<!-- This site is optimized with the Yoast SEO Premium plugin v27.4 (Yoast SEO v27.5) - https:\/\/yoast.com\/product\/yoast-seo-premium-wordpress\/ -->\n<title>Gewerber\u00e4ume d\u00fcrfen ohne Erlaubnis nicht als Wohnraum genutzt werden<\/title>\n<meta name=\"description\" content=\"Werden R\u00e4ume f\u00fcr gewerbliche Zwecke angemietet, d\u00fcrfen diese ohne die ausdr\u00fcckliche Genehmigung des Vermieters nicht zu Wohnzwecken genutzt werden. Der Anspruch des Vermieters auf vertragliche Nutzung verj\u00e4hrt w\u00e4hrend des Mietverh\u00e4ltnisses nicht.\" \/>\n<meta name=\"robots\" content=\"noindex, nofollow\" \/>\n<meta property=\"og:locale\" content=\"de_DE\" \/>\n<meta property=\"og:type\" content=\"article\" \/>\n<meta property=\"og:title\" content=\"Gesch\u00e4ftsr\u00e4ume sind keine Wohnr\u00e4ume\" \/>\n<meta property=\"og:description\" content=\"Werden R\u00e4ume f\u00fcr gewerbliche Zwecke angemietet, d\u00fcrfen diese ohne die ausdr\u00fcckliche Genehmigung des Vermieters nicht zu Wohnzwecken genutzt werden. Der Anspruch des Vermieters auf vertragliche Nutzung verj\u00e4hrt w\u00e4hrend des Mietverh\u00e4ltnisses nicht.\" \/>\n<meta property=\"og:url\" content=\"https:\/\/www.buhl.de\/vermieter-web\/geschaeftsraeume-sind-keine-wohnraeume\/\" \/>\n<meta property=\"og:site_name\" content=\"Online-Nebenkostenabrechnung mit WISO Vermieter-Web\" \/>\n<meta property=\"article:published_time\" content=\"2019-03-14T10:07:31+00:00\" \/>\n<meta property=\"og:image\" content=\"https:\/\/www.buhl.de\/vermieter-web\/wp-content\/uploads\/sites\/33\/2019\/03\/bittenicht.jpg\" \/>\n\t<meta property=\"og:image:width\" content=\"840\" \/>\n\t<meta property=\"og:image:height\" content=\"420\" \/>\n\t<meta property=\"og:image:type\" content=\"image\/jpeg\" \/>\n<meta name=\"author\" content=\"Hartmut Fischer\" \/>\n<meta name=\"twitter:card\" content=\"summary_large_image\" \/>\n<meta name=\"twitter:label1\" content=\"Verfasst von\" \/>\n\t<meta name=\"twitter:data1\" content=\"Hartmut Fischer\" \/>\n\t<meta name=\"twitter:label2\" content=\"Gesch\u00e4tzte Lesezeit\" \/>\n\t<meta name=\"twitter:data2\" content=\"2\u00a0Minuten\" \/>\n<script type=\"application\/ld+json\" class=\"yoast-schema-graph\">{\"@context\":\"https:\\\/\\\/schema.org\",\"@graph\":[{\"@type\":\"Article\",\"@id\":\"https:\\\/\\\/www.buhl.de\\\/vermieter-web\\\/geschaeftsraeume-sind-keine-wohnraeume\\\/#article\",\"isPartOf\":{\"@id\":\"https:\\\/\\\/www.buhl.de\\\/vermieter-web\\\/geschaeftsraeume-sind-keine-wohnraeume\\\/\"},\"author\":{\"name\":\"Hartmut Fischer\",\"@id\":\"https:\\\/\\\/www.buhl.de\\\/vermieter-web\\\/#\\\/schema\\\/person\\\/82903e1cb04eb553382702d503991b4f\"},\"headline\":\"Gesch\u00e4ftsr\u00e4ume sind keine Wohnr\u00e4ume\",\"datePublished\":\"2019-03-14T10:07:31+00:00\",\"mainEntityOfPage\":{\"@id\":\"https:\\\/\\\/www.buhl.de\\\/vermieter-web\\\/geschaeftsraeume-sind-keine-wohnraeume\\\/\"},\"wordCount\":458,\"commentCount\":0,\"image\":{\"@id\":\"https:\\\/\\\/www.buhl.de\\\/vermieter-web\\\/geschaeftsraeume-sind-keine-wohnraeume\\\/#primaryimage\"},\"thumbnailUrl\":\"https:\\\/\\\/www.buhl.de\\\/vermieter-web\\\/wp-content\\\/uploads\\\/sites\\\/33\\\/2019\\\/03\\\/bittenicht.jpg\",\"keywords\":[\"Gewerbemietvertrag\",\"Wohnraum\"],\"inLanguage\":\"de\",\"potentialAction\":[{\"@type\":\"CommentAction\",\"name\":\"Comment\",\"target\":[\"https:\\\/\\\/www.buhl.de\\\/vermieter-web\\\/geschaeftsraeume-sind-keine-wohnraeume\\\/#respond\"]}]},{\"@type\":\"WebPage\",\"@id\":\"https:\\\/\\\/www.buhl.de\\\/vermieter-web\\\/geschaeftsraeume-sind-keine-wohnraeume\\\/\",\"url\":\"https:\\\/\\\/www.buhl.de\\\/vermieter-web\\\/geschaeftsraeume-sind-keine-wohnraeume\\\/\",\"name\":\"Gewerber\u00e4ume d\u00fcrfen ohne Erlaubnis nicht als Wohnraum genutzt werden\",\"isPartOf\":{\"@id\":\"https:\\\/\\\/www.buhl.de\\\/vermieter-web\\\/#website\"},\"primaryImageOfPage\":{\"@id\":\"https:\\\/\\\/www.buhl.de\\\/vermieter-web\\\/geschaeftsraeume-sind-keine-wohnraeume\\\/#primaryimage\"},\"image\":{\"@id\":\"https:\\\/\\\/www.buhl.de\\\/vermieter-web\\\/geschaeftsraeume-sind-keine-wohnraeume\\\/#primaryimage\"},\"thumbnailUrl\":\"https:\\\/\\\/www.buhl.de\\\/vermieter-web\\\/wp-content\\\/uploads\\\/sites\\\/33\\\/2019\\\/03\\\/bittenicht.jpg\",\"datePublished\":\"2019-03-14T10:07:31+00:00\",\"author\":{\"@id\":\"https:\\\/\\\/www.buhl.de\\\/vermieter-web\\\/#\\\/schema\\\/person\\\/82903e1cb04eb553382702d503991b4f\"},\"description\":\"Werden R\u00e4ume f\u00fcr gewerbliche Zwecke angemietet, d\u00fcrfen diese ohne die ausdr\u00fcckliche Genehmigung des Vermieters nicht zu Wohnzwecken genutzt werden. Der Anspruch des Vermieters auf vertragliche Nutzung verj\u00e4hrt w\u00e4hrend des Mietverh\u00e4ltnisses nicht.\",\"breadcrumb\":{\"@id\":\"https:\\\/\\\/www.buhl.de\\\/vermieter-web\\\/geschaeftsraeume-sind-keine-wohnraeume\\\/#breadcrumb\"},\"inLanguage\":\"de\",\"potentialAction\":[{\"@type\":\"ReadAction\",\"target\":[\"https:\\\/\\\/www.buhl.de\\\/vermieter-web\\\/geschaeftsraeume-sind-keine-wohnraeume\\\/\"]}]},{\"@type\":\"ImageObject\",\"inLanguage\":\"de\",\"@id\":\"https:\\\/\\\/www.buhl.de\\\/vermieter-web\\\/geschaeftsraeume-sind-keine-wohnraeume\\\/#primaryimage\",\"url\":\"https:\\\/\\\/www.buhl.de\\\/vermieter-web\\\/wp-content\\\/uploads\\\/sites\\\/33\\\/2019\\\/03\\\/bittenicht.jpg\",\"contentUrl\":\"https:\\\/\\\/www.buhl.de\\\/vermieter-web\\\/wp-content\\\/uploads\\\/sites\\\/33\\\/2019\\\/03\\\/bittenicht.jpg\",\"width\":840,\"height\":420,\"caption\":\"Gewerber\u00e4ume k\u00f6nnen nicht ohne weiteres als Wohnraum genutzt werden.\"},{\"@type\":\"BreadcrumbList\",\"@id\":\"https:\\\/\\\/www.buhl.de\\\/vermieter-web\\\/geschaeftsraeume-sind-keine-wohnraeume\\\/#breadcrumb\",\"itemListElement\":[{\"@type\":\"ListItem\",\"position\":1,\"name\":\"Startseite\",\"item\":\"https:\\\/\\\/www.buhl.de\\\/vermieter-web\\\/\"},{\"@type\":\"ListItem\",\"position\":2,\"name\":\"Gesch\u00e4ftsr\u00e4ume sind keine Wohnr\u00e4ume\"}]},{\"@type\":\"WebSite\",\"@id\":\"https:\\\/\\\/www.buhl.de\\\/vermieter-web\\\/#website\",\"url\":\"https:\\\/\\\/www.buhl.de\\\/vermieter-web\\\/\",\"name\":\"Online-Nebenkostenabrechnung mit WISO Vermieter-Web\",\"description\":\"\",\"potentialAction\":[{\"@type\":\"SearchAction\",\"target\":{\"@type\":\"EntryPoint\",\"urlTemplate\":\"https:\\\/\\\/www.buhl.de\\\/vermieter-web\\\/?s={search_term_string}\"},\"query-input\":{\"@type\":\"PropertyValueSpecification\",\"valueRequired\":true,\"valueName\":\"search_term_string\"}}],\"inLanguage\":\"de\"},{\"@type\":\"Person\",\"@id\":\"https:\\\/\\\/www.buhl.de\\\/vermieter-web\\\/#\\\/schema\\\/person\\\/82903e1cb04eb553382702d503991b4f\",\"name\":\"Hartmut Fischer\"}]}<\/script>\n<!-- \/ Yoast SEO Premium plugin. -->","yoast_head_json":{"title":"Gewerber\u00e4ume d\u00fcrfen ohne Erlaubnis nicht als Wohnraum genutzt werden","description":"Werden R\u00e4ume f\u00fcr gewerbliche Zwecke angemietet, d\u00fcrfen diese ohne die ausdr\u00fcckliche Genehmigung des Vermieters nicht zu Wohnzwecken genutzt werden. Der Anspruch des Vermieters auf vertragliche Nutzung verj\u00e4hrt w\u00e4hrend des Mietverh\u00e4ltnisses nicht.","robots":{"index":"noindex","follow":"nofollow"},"og_locale":"de_DE","og_type":"article","og_title":"Gesch\u00e4ftsr\u00e4ume sind keine Wohnr\u00e4ume","og_description":"Werden R\u00e4ume f\u00fcr gewerbliche Zwecke angemietet, d\u00fcrfen diese ohne die ausdr\u00fcckliche Genehmigung des Vermieters nicht zu Wohnzwecken genutzt werden. Der Anspruch des Vermieters auf vertragliche Nutzung verj\u00e4hrt w\u00e4hrend des Mietverh\u00e4ltnisses nicht.","og_url":"https:\/\/www.buhl.de\/vermieter-web\/geschaeftsraeume-sind-keine-wohnraeume\/","og_site_name":"Online-Nebenkostenabrechnung mit WISO Vermieter-Web","article_published_time":"2019-03-14T10:07:31+00:00","og_image":[{"width":840,"height":420,"url":"https:\/\/www.buhl.de\/vermieter-web\/wp-content\/uploads\/sites\/33\/2019\/03\/bittenicht.jpg","type":"image\/jpeg"}],"author":"Hartmut Fischer","twitter_card":"summary_large_image","twitter_misc":{"Verfasst von":"Hartmut Fischer","Gesch\u00e4tzte Lesezeit":"2\u00a0Minuten"},"schema":{"@context":"https:\/\/schema.org","@graph":[{"@type":"Article","@id":"https:\/\/www.buhl.de\/vermieter-web\/geschaeftsraeume-sind-keine-wohnraeume\/#article","isPartOf":{"@id":"https:\/\/www.buhl.de\/vermieter-web\/geschaeftsraeume-sind-keine-wohnraeume\/"},"author":{"name":"Hartmut Fischer","@id":"https:\/\/www.buhl.de\/vermieter-web\/#\/schema\/person\/82903e1cb04eb553382702d503991b4f"},"headline":"Gesch\u00e4ftsr\u00e4ume sind keine Wohnr\u00e4ume","datePublished":"2019-03-14T10:07:31+00:00","mainEntityOfPage":{"@id":"https:\/\/www.buhl.de\/vermieter-web\/geschaeftsraeume-sind-keine-wohnraeume\/"},"wordCount":458,"commentCount":0,"image":{"@id":"https:\/\/www.buhl.de\/vermieter-web\/geschaeftsraeume-sind-keine-wohnraeume\/#primaryimage"},"thumbnailUrl":"https:\/\/www.buhl.de\/vermieter-web\/wp-content\/uploads\/sites\/33\/2019\/03\/bittenicht.jpg","keywords":["Gewerbemietvertrag","Wohnraum"],"inLanguage":"de","potentialAction":[{"@type":"CommentAction","name":"Comment","target":["https:\/\/www.buhl.de\/vermieter-web\/geschaeftsraeume-sind-keine-wohnraeume\/#respond"]}]},{"@type":"WebPage","@id":"https:\/\/www.buhl.de\/vermieter-web\/geschaeftsraeume-sind-keine-wohnraeume\/","url":"https:\/\/www.buhl.de\/vermieter-web\/geschaeftsraeume-sind-keine-wohnraeume\/","name":"Gewerber\u00e4ume d\u00fcrfen ohne Erlaubnis nicht als Wohnraum genutzt werden","isPartOf":{"@id":"https:\/\/www.buhl.de\/vermieter-web\/#website"},"primaryImageOfPage":{"@id":"https:\/\/www.buhl.de\/vermieter-web\/geschaeftsraeume-sind-keine-wohnraeume\/#primaryimage"},"image":{"@id":"https:\/\/www.buhl.de\/vermieter-web\/geschaeftsraeume-sind-keine-wohnraeume\/#primaryimage"},"thumbnailUrl":"https:\/\/www.buhl.de\/vermieter-web\/wp-content\/uploads\/sites\/33\/2019\/03\/bittenicht.jpg","datePublished":"2019-03-14T10:07:31+00:00","author":{"@id":"https:\/\/www.buhl.de\/vermieter-web\/#\/schema\/person\/82903e1cb04eb553382702d503991b4f"},"description":"Werden R\u00e4ume f\u00fcr gewerbliche Zwecke angemietet, d\u00fcrfen diese ohne die ausdr\u00fcckliche Genehmigung des Vermieters nicht zu Wohnzwecken genutzt werden. Der Anspruch des Vermieters auf vertragliche Nutzung verj\u00e4hrt w\u00e4hrend des Mietverh\u00e4ltnisses nicht.","breadcrumb":{"@id":"https:\/\/www.buhl.de\/vermieter-web\/geschaeftsraeume-sind-keine-wohnraeume\/#breadcrumb"},"inLanguage":"de","potentialAction":[{"@type":"ReadAction","target":["https:\/\/www.buhl.de\/vermieter-web\/geschaeftsraeume-sind-keine-wohnraeume\/"]}]},{"@type":"ImageObject","inLanguage":"de","@id":"https:\/\/www.buhl.de\/vermieter-web\/geschaeftsraeume-sind-keine-wohnraeume\/#primaryimage","url":"https:\/\/www.buhl.de\/vermieter-web\/wp-content\/uploads\/sites\/33\/2019\/03\/bittenicht.jpg","contentUrl":"https:\/\/www.buhl.de\/vermieter-web\/wp-content\/uploads\/sites\/33\/2019\/03\/bittenicht.jpg","width":840,"height":420,"caption":"Gewerber\u00e4ume k\u00f6nnen nicht ohne weiteres als Wohnraum genutzt werden."},{"@type":"BreadcrumbList","@id":"https:\/\/www.buhl.de\/vermieter-web\/geschaeftsraeume-sind-keine-wohnraeume\/#breadcrumb","itemListElement":[{"@type":"ListItem","position":1,"name":"Startseite","item":"https:\/\/www.buhl.de\/vermieter-web\/"},{"@type":"ListItem","position":2,"name":"Gesch\u00e4ftsr\u00e4ume sind keine Wohnr\u00e4ume"}]},{"@type":"WebSite","@id":"https:\/\/www.buhl.de\/vermieter-web\/#website","url":"https:\/\/www.buhl.de\/vermieter-web\/","name":"Online-Nebenkostenabrechnung mit WISO Vermieter-Web","description":"","potentialAction":[{"@type":"SearchAction","target":{"@type":"EntryPoint","urlTemplate":"https:\/\/www.buhl.de\/vermieter-web\/?s={search_term_string}"},"query-input":{"@type":"PropertyValueSpecification","valueRequired":true,"valueName":"search_term_string"}}],"inLanguage":"de"},{"@type":"Person","@id":"https:\/\/www.buhl.de\/vermieter-web\/#\/schema\/person\/82903e1cb04eb553382702d503991b4f","name":"Hartmut Fischer"}]}},"_links":{"self":[{"href":"https:\/\/www.buhl.de\/vermieter-web\/wp-json\/wp\/v2\/posts\/9412","targetHints":{"allow":["GET"]}}],"collection":[{"href":"https:\/\/www.buhl.de\/vermieter-web\/wp-json\/wp\/v2\/posts"}],"about":[{"href":"https:\/\/www.buhl.de\/vermieter-web\/wp-json\/wp\/v2\/types\/post"}],"author":[{"embeddable":true,"href":"https:\/\/www.buhl.de\/vermieter-web\/wp-json\/wp\/v2\/users\/15"}],"replies":[{"embeddable":true,"href":"https:\/\/www.buhl.de\/vermieter-web\/wp-json\/wp\/v2\/comments?post=9412"}],"version-history":[{"count":1,"href":"https:\/\/www.buhl.de\/vermieter-web\/wp-json\/wp\/v2\/posts\/9412\/revisions"}],"predecessor-version":[{"id":9415,"href":"https:\/\/www.buhl.de\/vermieter-web\/wp-json\/wp\/v2\/posts\/9412\/revisions\/9415"}],"wp:featuredmedia":[{"embeddable":true,"href":"https:\/\/www.buhl.de\/vermieter-web\/wp-json\/wp\/v2\/media\/9414"}],"wp:attachment":[{"href":"https:\/\/www.buhl.de\/vermieter-web\/wp-json\/wp\/v2\/media?parent=9412"}],"wp:term":[{"taxonomy":"category","embeddable":true,"href":"https:\/\/www.buhl.de\/vermieter-web\/wp-json\/wp\/v2\/categories?post=9412"},{"taxonomy":"post_tag","embeddable":true,"href":"https:\/\/www.buhl.de\/vermieter-web\/wp-json\/wp\/v2\/tags?post=9412"}],"curies":[{"name":"wp","href":"https:\/\/api.w.org\/{rel}","templated":true}]}}