{"id":9527,"date":"2019-05-23T10:31:07","date_gmt":"2019-05-23T08:31:07","guid":{"rendered":"http:\/\/www.buhl.de\/vermieter-web\/?p=9527"},"modified":"2019-06-18T11:29:22","modified_gmt":"2019-06-18T09:29:22","slug":"gerichte-muessen-eigenbedarfskuendigungen-individuell-pruefen","status":"publish","type":"post","link":"https:\/\/www.buhl.de\/vermieter-web\/gerichte-muessen-eigenbedarfskuendigungen-individuell-pruefen\/","title":{"rendered":"Gerichte m\u00fcssen Eigenbedarfsk\u00fcndigungen individuell pr\u00fcfen"},"content":{"rendered":"<p><strong>In zwei Verfahren hat der Bundesgerichtshof pr\u00e4zisiert, wie weit die individuelle Pr\u00fcfung der Gerichte bei einer R\u00e4umungsklage wegen Eigenbedarf gehen muss. (Urteile des Bundesgerichtshofs vom 22.05.2019\u00a0&#8211; Aktenzeichen VIII\u00a0ZR\u00a0180\/18\u00a0und\u00a0167\/17)<\/strong><\/p>\n<p>In dem einen Verfahren ging es um eine Eigenbedarfsk\u00fcndigung eines Vermieters, der eine Wohnung mit seiner Frau und zwei Kleinkindern beziehen wollte. In der Wohnung lebte bereits seit 45 Jahren eine 82-j\u00e4hrige Mieterin mit ihren S\u00f6hnen (beide \u00fcber 59 Jahre alt). Diese widersprach der Eigenbedarfsk\u00fcndigung. Ihr sei ein Umzug nicht zuzumuten, da sie durch die lange Mietdauer in der Umgebung verwurzelt sei. Sie leide an Demenz. Ihr Zustand w\u00fcrde durch einen Umzug weiter verschlechtert.<\/p>\n<p>Im Berufungsverfahren konnte sich die Mieterin durchsetzen. Grunds\u00e4tzlich stellte das Gericht fest, dass die Eigenbedarfsk\u00fcndigung wirksam sei. Jedoch erkannte das Gericht die Argumente der Mieterin an. Aufgrund der H\u00e4rtefallregelung (\u00a7 574 Abs. 1 Satz 1 BGB) m\u00fcsse deshalb das Mietverh\u00e4ltnis auf unbestimmte Zeit fortgesetzt werden (\u00a7\u00a0574\u00a0a Abs.\u00a02\u00a0Satz\u00a02\u00a0BGB). Gegen diese Entscheidung richtete sich die Revision.<\/p>\n<p>In dem zweiten Verfahren ging es um zwei Mieter, die mit zwei Verwandten seit 2006 eine Doppelhaush\u00e4lfte bewohnten, f\u00fcr die der Vermieter nun Eigenbedarf anmeldete. Der Eigenbedarf wurde damit begr\u00fcndet, dass die geschiedene Gattin des Vermieters einziehen wolle, um die in der N\u00e4he lebende Gro\u00dfmutter besser betreuen zu k\u00f6nnen. Die Mieter hielten den Eigenbedarf f\u00fcr vorgeschoben, da die Parteien wegen Wohnungsm\u00e4ngel miteinander stritten. Au\u00dferdem verwiesen sie auf schwere Erkrankungen hin, die einen Umzug unzumutbar machten. Einer der Bewohner sei bereits in die Pflegstufe II eingruppiert und leide an Schizophrenie, Alkoholismus, Inkontinenz und Demenz. Ein vorgelegtes Attest eines Psychiaters best\u00e4tigte, dass ein Umzug zu einer erheblichen Verschlechterung des Gesundheitszustandes f\u00fchren w\u00fcrde.<\/p>\n<p>Ohne Pr\u00fcfung des streitigen Vorwurfs, der Eigenbedarf sei vorgeschoben, wurde der Eigenbedarfsk\u00fcndigung stattgegeben. Das Berufungsgericht best\u00e4tigte die Entscheidung der Vorinstanz und sah keinen Grund die K\u00fcndigung abzulehnen, da aus dem vorgelegten Gutachten nicht ersichtlich sei, dass es zu einer drohende schwerwiegende\u00a0Beeintr\u00e4chtigung\u00a0oder zu drohender Lebensgefahr komme. Ein von den Beklagten gefordertes weiteres Gutachten wurde nicht eingeholt.<\/p>\n<p>In beiden F\u00e4llen wurden die Urteile vom Bundesgerichtshof verworfen und zur Neuverhandlung zur\u00fcckverwiesen. Die Richter verlangten eine genauere Pr\u00fcfung ob die Interessen von Vermieter oder Mieter \u00fcberwiegen w\u00fcrden.<\/p>\n<p>Die Richter stellten dabei auf eine individuelle Pr\u00fcfung jedes Einzelfalls ab. Man k\u00f6nne \u2013 so die Richter \u2013 keine Fallgruppen bilden, ob ab einem bestimmten Alter oder nach einer bestimmten Mietdauer ein Umzug einen nicht mehr zumutbaren H\u00e4rtefall darstelle. Faktoren, wie die Verwurzelung im Umfeld, der Gesundheitszustand oder der psy\u00adchische Zustand m\u00fcssten hier ebenfalls ber\u00fccksichtigt werden. Hierzu m\u00fcssten weitere Informationen eingeholt werden.<\/p>\n<p>Macht der Mieter schwerwiegende gesundheitliche Gefahren geltend, habe das zust\u00e4ndige Gericht grunds\u00e4tzlich gutachterlich pr\u00fcfen zu lassen, ob von einem Umzug Gefahren ausgehen und wenn ja, welchen Umfang diese Gefahren h\u00e4tten. Das m\u00fcsse auf jeden Fall immer dann erfolgen, wenn der Mieter ein entsprechendes Attest vorlege.<\/p>\n<hr \/>\n<p><em style=\"font-size: 1rem\"><img loading=\"lazy\" decoding=\"async\" class=\" wp-image-9372 alignleft\" src=\"https:\/\/www.buhl.de\/vermieter-web\/wp-content\/uploads\/sites\/33\/2019\/02\/paragraph_220x214.jpg\" alt=\"\" width=\"150\" height=\"146\" \/>\u00a7 573 BGB Ordentliche K\u00fcndigung des Vermieters<br \/>\n<\/em><em>(1) Der Vermieter kann nur k\u00fcndigen, wenn er ein berechtigtes Interesse an der Beendigung des Mietverh\u00e4ltnisses hat. [&#8230;]\n<\/em><em>(2) Ein berechtigtes Interesse des Vermieters an der Beendigung des Mietverh\u00e4ltnisses liegt insbesondere vor, wenn <\/em><em>[&#8230;]\n<\/em><em style=\"font-size: 1rem\">der Vermieter die R\u00e4ume als Wohnung f\u00fcr\u00a0sich,\u00a0seine Familienangeh\u00f6rigen oder Angeh\u00f6rige seines Haushalts ben\u00f6tigt [&#8230;]<\/em><\/p>\n<p>\u00a7 574 Widerspruch des Mieters gegen die K\u00fcndigung<br \/>\n<em>(1) Der Mieter kann der K\u00fcndigung des Vermieters widersprechen und von ihm die Fortsetzung des Mietverh\u00e4ltnisses verlangen, wenn die Beendigung des Mietverh\u00e4ltnisses f\u00fcr den Mieter, seine Familie oder einen anderen Angeh\u00f6rigen seines Haushalts eine H\u00e4rte bedeuten w\u00fcrde, die auch unter W\u00fcrdigung der berechtigten Interessen des Vermieters nicht zu rechtfertigen ist. Dies gilt nicht, wenn ein Grund vorliegt, der den Vermieter zur au\u00dferordentlichen fristlosen K\u00fcndigung berechtigt.<br \/>\n<\/em><em>(2) Eine H\u00e4rte liegt auch vor, wenn angemessener Ersatzwohnraum zu zumutbaren Bedingungen nicht beschafft werden kann. <\/em><em>[&#8230;]<\/em><\/p>\n<p>\u00a7 574 a BGB Fortsetzung des Mietverh\u00e4ltnisses nach Widerspruch<br \/>\n<em>(1) Im Falle des \u00a7\u00a0574\u00a0kann der Mieter verlangen, dass das Mietverh\u00e4ltnis so lange fortgesetzt wird, wie dies unter Ber\u00fccksichtigung aller Umst\u00e4nde angemessen ist. Ist dem Vermieter nicht zuzumuten, das Mietverh\u00e4ltnis zu den bisherigen Vertragsbedingungen fortzusetzen, so kann der Mieter nur verlangen, dass\u00a0es unter einer angemessenen \u00c4nderung der Bedingungen fortgesetzt wird.<br \/>\n<\/em><em>(2) Kommt keine Einigung zustande, so werden die Fortsetzung des Mietverh\u00e4ltnisses, deren Dauer sowie die Bedingungen, zu denen es fortgesetzt wird, durch Urteil bestimmt. Ist ungewiss, wann voraussichtlich die Umst\u00e4nde wegfallen, auf Grund derer die Beendigung des Mietverh\u00e4ltnisses eine H\u00e4rte bedeutet, so kann bestimmt werden, dass das Mietverh\u00e4ltnis auf unbestimmte Zeit fortgesetzt wird.<br \/>\n<\/em><em>[&#8230;]\n<\/em><\/p>\n<hr \/>\n<p><em><strong>Das k\u00f6nnte Sie auch interessieren<br \/>\n<\/strong><\/em><a href=\"\/vermieter-web\/wegfall-des-grundes-bei-eigenbedarfskuendigung\/\">Wegfall des Grundes bei Eigenbedarfsk\u00fcndigung<\/a><br \/>\n<a href=\"\/vermieter-web\/eigenbedarfskuendigung-bei-betagten-mietern\/\">Eigenbedarfsk\u00fcndigung bei betagten Mietern<\/a><br \/>\n<a href=\"\/vermieter-web\/grenzen-der-eigenbedarfskuendigung\/\">F\u00fcr Stieftochter kein Eigenbedarf gegeben<\/a><br \/>\n<a href=\"\/vermieter-web\/eigenbedarfskuendigung-im-mietvertrag-ausgeschlossen\/\">Eigenbedarfsk\u00fcndigung im Mietvertrag ausgeschlossen<\/a><\/p>\n<p>&nbsp;<\/p>\n","protected":false},"excerpt":{"rendered":"<p>In zwei Verfahren hat der Bundesgerichtshof pr\u00e4zisiert, wie weit die individuelle Pr\u00fcfung der Gerichte bei einer R\u00e4umungsklage wegen Eigenbedarf gehen muss. (Urteile des Bundesgerichtshofs vom 22.05.2019\u00a0&#8211; Aktenzeichen VIII\u00a0ZR\u00a0180\/18\u00a0und\u00a0167\/17) In dem einen Verfahren ging es um eine Eigenbedarfsk\u00fcndigung eines Vermieters, der eine Wohnung mit seiner Frau und zwei Kleinkindern beziehen wollte. In der Wohnung lebte bereits &hellip; <\/p>\n<p class=\"link-more\"><a href=\"https:\/\/www.buhl.de\/vermieter-web\/gerichte-muessen-eigenbedarfskuendigungen-individuell-pruefen\/\" class=\"more-link\"><span class=\"screen-reader-text\">\u201eGerichte m\u00fcssen Eigenbedarfsk\u00fcndigungen individuell pr\u00fcfen\u201c<\/span> weiterlesen<\/a><\/p>\n","protected":false},"author":15,"featured_media":9529,"comment_status":"open","ping_status":"open","sticky":false,"template":"","format":"standard","meta":{"footnotes":""},"categories":[1],"tags":[648,431],"class_list":["post-9527","post","type-post","status-publish","format-standard","has-post-thumbnail","hentry","category-allgemein","tag-eigenbedarf","tag-eigenbedarfskuendigung"],"yoast_head":"<!-- This site is optimized with the Yoast SEO Premium plugin v27.4 (Yoast SEO v27.5) - https:\/\/yoast.com\/product\/yoast-seo-premium-wordpress\/ -->\n<title>Bei Eigenbedarfsk\u00fcndigung m\u00fcssen die Gerichte individuell pr\u00fcfen<\/title>\n<meta name=\"description\" content=\"In zwei Verfahren hat der Bundesgerichtshof pr\u00e4zisiert, wie weit die individuelle Pr\u00fcfung der Gerichte bei einer R\u00e4umungsklage wegen Eigenbedarf gehen muss. (Urteile des Bundesgerichtshofs vom 22.05.2019\u00a0- Aktenzeichen VIII\u00a0ZR\u00a0180\/18\u00a0und\u00a0167\/17)\" \/>\n<meta name=\"robots\" content=\"noindex, nofollow\" \/>\n<meta property=\"og:locale\" content=\"de_DE\" \/>\n<meta property=\"og:type\" content=\"article\" \/>\n<meta property=\"og:title\" content=\"Gerichte m\u00fcssen Eigenbedarfsk\u00fcndigungen individuell pr\u00fcfen\" \/>\n<meta property=\"og:description\" content=\"In zwei Verfahren hat der Bundesgerichtshof pr\u00e4zisiert, wie weit die individuelle Pr\u00fcfung der Gerichte bei einer R\u00e4umungsklage wegen Eigenbedarf gehen muss. (Urteile des Bundesgerichtshofs vom 22.05.2019\u00a0- Aktenzeichen VIII\u00a0ZR\u00a0180\/18\u00a0und\u00a0167\/17)\" \/>\n<meta property=\"og:url\" content=\"https:\/\/www.buhl.de\/vermieter-web\/gerichte-muessen-eigenbedarfskuendigungen-individuell-pruefen\/\" \/>\n<meta property=\"og:site_name\" content=\"Online-Nebenkostenabrechnung mit WISO Vermieter-Web\" \/>\n<meta property=\"article:published_time\" content=\"2019-05-23T08:31:07+00:00\" \/>\n<meta property=\"article:modified_time\" content=\"2019-06-18T09:29:22+00:00\" \/>\n<meta property=\"og:image\" content=\"https:\/\/www.buhl.de\/vermieter-web\/wp-content\/uploads\/sites\/33\/2019\/05\/hammer-1.jpg\" \/>\n\t<meta property=\"og:image:width\" content=\"840\" \/>\n\t<meta property=\"og:image:height\" content=\"420\" \/>\n\t<meta property=\"og:image:type\" content=\"image\/jpeg\" \/>\n<meta name=\"author\" content=\"Hartmut Fischer\" \/>\n<meta name=\"twitter:card\" content=\"summary_large_image\" \/>\n<meta name=\"twitter:label1\" content=\"Verfasst von\" \/>\n\t<meta name=\"twitter:data1\" content=\"Hartmut Fischer\" \/>\n\t<meta name=\"twitter:label2\" content=\"Gesch\u00e4tzte Lesezeit\" \/>\n\t<meta name=\"twitter:data2\" content=\"4\u00a0Minuten\" \/>\n<script type=\"application\/ld+json\" class=\"yoast-schema-graph\">{\"@context\":\"https:\\\/\\\/schema.org\",\"@graph\":[{\"@type\":\"Article\",\"@id\":\"https:\\\/\\\/www.buhl.de\\\/vermieter-web\\\/gerichte-muessen-eigenbedarfskuendigungen-individuell-pruefen\\\/#article\",\"isPartOf\":{\"@id\":\"https:\\\/\\\/www.buhl.de\\\/vermieter-web\\\/gerichte-muessen-eigenbedarfskuendigungen-individuell-pruefen\\\/\"},\"author\":{\"name\":\"Hartmut Fischer\",\"@id\":\"https:\\\/\\\/www.buhl.de\\\/vermieter-web\\\/#\\\/schema\\\/person\\\/82903e1cb04eb553382702d503991b4f\"},\"headline\":\"Gerichte m\u00fcssen Eigenbedarfsk\u00fcndigungen individuell pr\u00fcfen\",\"datePublished\":\"2019-05-23T08:31:07+00:00\",\"dateModified\":\"2019-06-18T09:29:22+00:00\",\"mainEntityOfPage\":{\"@id\":\"https:\\\/\\\/www.buhl.de\\\/vermieter-web\\\/gerichte-muessen-eigenbedarfskuendigungen-individuell-pruefen\\\/\"},\"wordCount\":811,\"commentCount\":0,\"image\":{\"@id\":\"https:\\\/\\\/www.buhl.de\\\/vermieter-web\\\/gerichte-muessen-eigenbedarfskuendigungen-individuell-pruefen\\\/#primaryimage\"},\"thumbnailUrl\":\"https:\\\/\\\/www.buhl.de\\\/vermieter-web\\\/wp-content\\\/uploads\\\/sites\\\/33\\\/2019\\\/05\\\/hammer-1.jpg\",\"keywords\":[\"Eigenbedarf\",\"Eigenbedarfsk\u00fcndigung\"],\"inLanguage\":\"de\",\"potentialAction\":[{\"@type\":\"CommentAction\",\"name\":\"Comment\",\"target\":[\"https:\\\/\\\/www.buhl.de\\\/vermieter-web\\\/gerichte-muessen-eigenbedarfskuendigungen-individuell-pruefen\\\/#respond\"]}]},{\"@type\":\"WebPage\",\"@id\":\"https:\\\/\\\/www.buhl.de\\\/vermieter-web\\\/gerichte-muessen-eigenbedarfskuendigungen-individuell-pruefen\\\/\",\"url\":\"https:\\\/\\\/www.buhl.de\\\/vermieter-web\\\/gerichte-muessen-eigenbedarfskuendigungen-individuell-pruefen\\\/\",\"name\":\"Bei Eigenbedarfsk\u00fcndigung m\u00fcssen die Gerichte individuell pr\u00fcfen\",\"isPartOf\":{\"@id\":\"https:\\\/\\\/www.buhl.de\\\/vermieter-web\\\/#website\"},\"primaryImageOfPage\":{\"@id\":\"https:\\\/\\\/www.buhl.de\\\/vermieter-web\\\/gerichte-muessen-eigenbedarfskuendigungen-individuell-pruefen\\\/#primaryimage\"},\"image\":{\"@id\":\"https:\\\/\\\/www.buhl.de\\\/vermieter-web\\\/gerichte-muessen-eigenbedarfskuendigungen-individuell-pruefen\\\/#primaryimage\"},\"thumbnailUrl\":\"https:\\\/\\\/www.buhl.de\\\/vermieter-web\\\/wp-content\\\/uploads\\\/sites\\\/33\\\/2019\\\/05\\\/hammer-1.jpg\",\"datePublished\":\"2019-05-23T08:31:07+00:00\",\"dateModified\":\"2019-06-18T09:29:22+00:00\",\"author\":{\"@id\":\"https:\\\/\\\/www.buhl.de\\\/vermieter-web\\\/#\\\/schema\\\/person\\\/82903e1cb04eb553382702d503991b4f\"},\"description\":\"In zwei Verfahren hat der Bundesgerichtshof pr\u00e4zisiert, wie weit die individuelle Pr\u00fcfung der Gerichte bei einer R\u00e4umungsklage wegen Eigenbedarf gehen muss. (Urteile des Bundesgerichtshofs vom 22.05.2019\u00a0- Aktenzeichen VIII\u00a0ZR\u00a0180\\\/18\u00a0und\u00a0167\\\/17)\",\"breadcrumb\":{\"@id\":\"https:\\\/\\\/www.buhl.de\\\/vermieter-web\\\/gerichte-muessen-eigenbedarfskuendigungen-individuell-pruefen\\\/#breadcrumb\"},\"inLanguage\":\"de\",\"potentialAction\":[{\"@type\":\"ReadAction\",\"target\":[\"https:\\\/\\\/www.buhl.de\\\/vermieter-web\\\/gerichte-muessen-eigenbedarfskuendigungen-individuell-pruefen\\\/\"]}]},{\"@type\":\"ImageObject\",\"inLanguage\":\"de\",\"@id\":\"https:\\\/\\\/www.buhl.de\\\/vermieter-web\\\/gerichte-muessen-eigenbedarfskuendigungen-individuell-pruefen\\\/#primaryimage\",\"url\":\"https:\\\/\\\/www.buhl.de\\\/vermieter-web\\\/wp-content\\\/uploads\\\/sites\\\/33\\\/2019\\\/05\\\/hammer-1.jpg\",\"contentUrl\":\"https:\\\/\\\/www.buhl.de\\\/vermieter-web\\\/wp-content\\\/uploads\\\/sites\\\/33\\\/2019\\\/05\\\/hammer-1.jpg\",\"width\":840,\"height\":420,\"caption\":\"BGH zur Pr\u00fcfung von Eigenbedarfsk\u00fcndigungen\"},{\"@type\":\"BreadcrumbList\",\"@id\":\"https:\\\/\\\/www.buhl.de\\\/vermieter-web\\\/gerichte-muessen-eigenbedarfskuendigungen-individuell-pruefen\\\/#breadcrumb\",\"itemListElement\":[{\"@type\":\"ListItem\",\"position\":1,\"name\":\"Startseite\",\"item\":\"https:\\\/\\\/www.buhl.de\\\/vermieter-web\\\/\"},{\"@type\":\"ListItem\",\"position\":2,\"name\":\"Gerichte m\u00fcssen Eigenbedarfsk\u00fcndigungen individuell pr\u00fcfen\"}]},{\"@type\":\"WebSite\",\"@id\":\"https:\\\/\\\/www.buhl.de\\\/vermieter-web\\\/#website\",\"url\":\"https:\\\/\\\/www.buhl.de\\\/vermieter-web\\\/\",\"name\":\"Online-Nebenkostenabrechnung mit WISO Vermieter-Web\",\"description\":\"\",\"potentialAction\":[{\"@type\":\"SearchAction\",\"target\":{\"@type\":\"EntryPoint\",\"urlTemplate\":\"https:\\\/\\\/www.buhl.de\\\/vermieter-web\\\/?s={search_term_string}\"},\"query-input\":{\"@type\":\"PropertyValueSpecification\",\"valueRequired\":true,\"valueName\":\"search_term_string\"}}],\"inLanguage\":\"de\"},{\"@type\":\"Person\",\"@id\":\"https:\\\/\\\/www.buhl.de\\\/vermieter-web\\\/#\\\/schema\\\/person\\\/82903e1cb04eb553382702d503991b4f\",\"name\":\"Hartmut Fischer\"}]}<\/script>\n<!-- \/ Yoast SEO Premium plugin. -->","yoast_head_json":{"title":"Bei Eigenbedarfsk\u00fcndigung m\u00fcssen die Gerichte individuell pr\u00fcfen","description":"In zwei Verfahren hat der Bundesgerichtshof pr\u00e4zisiert, wie weit die individuelle Pr\u00fcfung der Gerichte bei einer R\u00e4umungsklage wegen Eigenbedarf gehen muss. (Urteile des Bundesgerichtshofs vom 22.05.2019\u00a0- Aktenzeichen VIII\u00a0ZR\u00a0180\/18\u00a0und\u00a0167\/17)","robots":{"index":"noindex","follow":"nofollow"},"og_locale":"de_DE","og_type":"article","og_title":"Gerichte m\u00fcssen Eigenbedarfsk\u00fcndigungen individuell pr\u00fcfen","og_description":"In zwei Verfahren hat der Bundesgerichtshof pr\u00e4zisiert, wie weit die individuelle Pr\u00fcfung der Gerichte bei einer R\u00e4umungsklage wegen Eigenbedarf gehen muss. (Urteile des Bundesgerichtshofs vom 22.05.2019\u00a0- Aktenzeichen VIII\u00a0ZR\u00a0180\/18\u00a0und\u00a0167\/17)","og_url":"https:\/\/www.buhl.de\/vermieter-web\/gerichte-muessen-eigenbedarfskuendigungen-individuell-pruefen\/","og_site_name":"Online-Nebenkostenabrechnung mit WISO Vermieter-Web","article_published_time":"2019-05-23T08:31:07+00:00","article_modified_time":"2019-06-18T09:29:22+00:00","og_image":[{"width":840,"height":420,"url":"https:\/\/www.buhl.de\/vermieter-web\/wp-content\/uploads\/sites\/33\/2019\/05\/hammer-1.jpg","type":"image\/jpeg"}],"author":"Hartmut Fischer","twitter_card":"summary_large_image","twitter_misc":{"Verfasst von":"Hartmut Fischer","Gesch\u00e4tzte Lesezeit":"4\u00a0Minuten"},"schema":{"@context":"https:\/\/schema.org","@graph":[{"@type":"Article","@id":"https:\/\/www.buhl.de\/vermieter-web\/gerichte-muessen-eigenbedarfskuendigungen-individuell-pruefen\/#article","isPartOf":{"@id":"https:\/\/www.buhl.de\/vermieter-web\/gerichte-muessen-eigenbedarfskuendigungen-individuell-pruefen\/"},"author":{"name":"Hartmut Fischer","@id":"https:\/\/www.buhl.de\/vermieter-web\/#\/schema\/person\/82903e1cb04eb553382702d503991b4f"},"headline":"Gerichte m\u00fcssen Eigenbedarfsk\u00fcndigungen individuell pr\u00fcfen","datePublished":"2019-05-23T08:31:07+00:00","dateModified":"2019-06-18T09:29:22+00:00","mainEntityOfPage":{"@id":"https:\/\/www.buhl.de\/vermieter-web\/gerichte-muessen-eigenbedarfskuendigungen-individuell-pruefen\/"},"wordCount":811,"commentCount":0,"image":{"@id":"https:\/\/www.buhl.de\/vermieter-web\/gerichte-muessen-eigenbedarfskuendigungen-individuell-pruefen\/#primaryimage"},"thumbnailUrl":"https:\/\/www.buhl.de\/vermieter-web\/wp-content\/uploads\/sites\/33\/2019\/05\/hammer-1.jpg","keywords":["Eigenbedarf","Eigenbedarfsk\u00fcndigung"],"inLanguage":"de","potentialAction":[{"@type":"CommentAction","name":"Comment","target":["https:\/\/www.buhl.de\/vermieter-web\/gerichte-muessen-eigenbedarfskuendigungen-individuell-pruefen\/#respond"]}]},{"@type":"WebPage","@id":"https:\/\/www.buhl.de\/vermieter-web\/gerichte-muessen-eigenbedarfskuendigungen-individuell-pruefen\/","url":"https:\/\/www.buhl.de\/vermieter-web\/gerichte-muessen-eigenbedarfskuendigungen-individuell-pruefen\/","name":"Bei Eigenbedarfsk\u00fcndigung m\u00fcssen die Gerichte individuell pr\u00fcfen","isPartOf":{"@id":"https:\/\/www.buhl.de\/vermieter-web\/#website"},"primaryImageOfPage":{"@id":"https:\/\/www.buhl.de\/vermieter-web\/gerichte-muessen-eigenbedarfskuendigungen-individuell-pruefen\/#primaryimage"},"image":{"@id":"https:\/\/www.buhl.de\/vermieter-web\/gerichte-muessen-eigenbedarfskuendigungen-individuell-pruefen\/#primaryimage"},"thumbnailUrl":"https:\/\/www.buhl.de\/vermieter-web\/wp-content\/uploads\/sites\/33\/2019\/05\/hammer-1.jpg","datePublished":"2019-05-23T08:31:07+00:00","dateModified":"2019-06-18T09:29:22+00:00","author":{"@id":"https:\/\/www.buhl.de\/vermieter-web\/#\/schema\/person\/82903e1cb04eb553382702d503991b4f"},"description":"In zwei Verfahren hat der Bundesgerichtshof pr\u00e4zisiert, wie weit die individuelle Pr\u00fcfung der Gerichte bei einer R\u00e4umungsklage wegen Eigenbedarf gehen muss. (Urteile des Bundesgerichtshofs vom 22.05.2019\u00a0- Aktenzeichen VIII\u00a0ZR\u00a0180\/18\u00a0und\u00a0167\/17)","breadcrumb":{"@id":"https:\/\/www.buhl.de\/vermieter-web\/gerichte-muessen-eigenbedarfskuendigungen-individuell-pruefen\/#breadcrumb"},"inLanguage":"de","potentialAction":[{"@type":"ReadAction","target":["https:\/\/www.buhl.de\/vermieter-web\/gerichte-muessen-eigenbedarfskuendigungen-individuell-pruefen\/"]}]},{"@type":"ImageObject","inLanguage":"de","@id":"https:\/\/www.buhl.de\/vermieter-web\/gerichte-muessen-eigenbedarfskuendigungen-individuell-pruefen\/#primaryimage","url":"https:\/\/www.buhl.de\/vermieter-web\/wp-content\/uploads\/sites\/33\/2019\/05\/hammer-1.jpg","contentUrl":"https:\/\/www.buhl.de\/vermieter-web\/wp-content\/uploads\/sites\/33\/2019\/05\/hammer-1.jpg","width":840,"height":420,"caption":"BGH zur Pr\u00fcfung von Eigenbedarfsk\u00fcndigungen"},{"@type":"BreadcrumbList","@id":"https:\/\/www.buhl.de\/vermieter-web\/gerichte-muessen-eigenbedarfskuendigungen-individuell-pruefen\/#breadcrumb","itemListElement":[{"@type":"ListItem","position":1,"name":"Startseite","item":"https:\/\/www.buhl.de\/vermieter-web\/"},{"@type":"ListItem","position":2,"name":"Gerichte m\u00fcssen Eigenbedarfsk\u00fcndigungen individuell pr\u00fcfen"}]},{"@type":"WebSite","@id":"https:\/\/www.buhl.de\/vermieter-web\/#website","url":"https:\/\/www.buhl.de\/vermieter-web\/","name":"Online-Nebenkostenabrechnung mit WISO Vermieter-Web","description":"","potentialAction":[{"@type":"SearchAction","target":{"@type":"EntryPoint","urlTemplate":"https:\/\/www.buhl.de\/vermieter-web\/?s={search_term_string}"},"query-input":{"@type":"PropertyValueSpecification","valueRequired":true,"valueName":"search_term_string"}}],"inLanguage":"de"},{"@type":"Person","@id":"https:\/\/www.buhl.de\/vermieter-web\/#\/schema\/person\/82903e1cb04eb553382702d503991b4f","name":"Hartmut Fischer"}]}},"_links":{"self":[{"href":"https:\/\/www.buhl.de\/vermieter-web\/wp-json\/wp\/v2\/posts\/9527","targetHints":{"allow":["GET"]}}],"collection":[{"href":"https:\/\/www.buhl.de\/vermieter-web\/wp-json\/wp\/v2\/posts"}],"about":[{"href":"https:\/\/www.buhl.de\/vermieter-web\/wp-json\/wp\/v2\/types\/post"}],"author":[{"embeddable":true,"href":"https:\/\/www.buhl.de\/vermieter-web\/wp-json\/wp\/v2\/users\/15"}],"replies":[{"embeddable":true,"href":"https:\/\/www.buhl.de\/vermieter-web\/wp-json\/wp\/v2\/comments?post=9527"}],"version-history":[{"count":4,"href":"https:\/\/www.buhl.de\/vermieter-web\/wp-json\/wp\/v2\/posts\/9527\/revisions"}],"predecessor-version":[{"id":9589,"href":"https:\/\/www.buhl.de\/vermieter-web\/wp-json\/wp\/v2\/posts\/9527\/revisions\/9589"}],"wp:featuredmedia":[{"embeddable":true,"href":"https:\/\/www.buhl.de\/vermieter-web\/wp-json\/wp\/v2\/media\/9529"}],"wp:attachment":[{"href":"https:\/\/www.buhl.de\/vermieter-web\/wp-json\/wp\/v2\/media?parent=9527"}],"wp:term":[{"taxonomy":"category","embeddable":true,"href":"https:\/\/www.buhl.de\/vermieter-web\/wp-json\/wp\/v2\/categories?post=9527"},{"taxonomy":"post_tag","embeddable":true,"href":"https:\/\/www.buhl.de\/vermieter-web\/wp-json\/wp\/v2\/tags?post=9527"}],"curies":[{"name":"wp","href":"https:\/\/api.w.org\/{rel}","templated":true}]}}