{"id":9801,"date":"2019-09-12T14:26:26","date_gmt":"2019-09-12T12:26:26","guid":{"rendered":"http:\/\/www.buhl.de\/vermieter-web\/?p=9801"},"modified":"2019-09-12T14:26:26","modified_gmt":"2019-09-12T12:26:26","slug":"kuechenkauf-werk-oder-kaufvertrag","status":"publish","type":"post","link":"https:\/\/www.buhl.de\/vermieter-web\/kuechenkauf-werk-oder-kaufvertrag\/","title":{"rendered":"K\u00fcchenkauf: Werk- oder Kaufvertrag?"},"content":{"rendered":"<p><strong>Kommt es zu Streitigkeiten \u00fcber M\u00e4ngel an einer vom Verk\u00e4ufer gelieferten und montierten K\u00fcche, ist es wichtig, ob beim Kauf der K\u00fcche ein Werk- oder ein Kaufvertrag geschlossen wurde. Dass diese Grenzziehung nicht ganz einfach ist, zeigt ein Urteil des Bundesgerichthofs vom 19.07.2018 (Aktenzeichen VII ZR 19\/18).<\/strong><\/p>\n<p>n dem Verfahren ging es um eine K\u00fcche, die vom Wohnungsinhaber einschlie\u00dflich der Lieferung sowie der Montage bestellt wurde. Nach dem Aufbau der K\u00fcche zeigten sich jedoch M\u00e4ngel. Der K\u00e4ufer beanstandete dies und verklagte schlie\u00dflich den Verk\u00e4ufer an Schadenersatz in H\u00f6he von rund 4.300 Euro.<\/p>\n<p>Der K\u00e4ufer konnte sich zun\u00e4chst weder vor dem zust\u00e4ndigen Amtsgericht noch vor dem Landgericht durchsetzen. Das Landgericht Gera vertrat in seiner Urteilsbegr\u00fcndung die Ansicht, dass bei Kauf der K\u00fcche ein sogenannter Werkvertrag geschlossen worden sei. Im Falle eines Werkvertrages ist jedoch ein Schadenersatzanspruch ausgeschlossen, wenn der Auftragnehmer das Werk (hier K\u00fcche nach Aufbau) abgenommen habe, was hier der Fall sei.<\/p>\n<p>Im Revisionsverfahren vor dem BGH konnte sich der K\u00e4ufer der K\u00fcche jedoch zumindest dahingehend durchsetzen, dass das Verfahren zur Neubeurteilung an das Landgericht zur\u00fcckverwiesen wurde. Der BGH sah es nicht als eindeutig an, dass es sich im vorliegenden Fall um einen Werkvertrag oder Kaufvertrag handele.<\/p>\n<p>Die Richter des BGHs hielten beide Alternativen f\u00fcr denkbar. Es komme hier darauf an, auf welchen Leistungen der Schwerpunkt zu setzen sei. Stehe der Kauf einer Ware und die \u00dcbertragung des Eigentums an der Ware im Vordergrund, m\u00fcsse man von einem Kaufvertrag ausgehen, da hier die Lieferung und Montage der K\u00fcche eine untergeordnete Rolle spiele. Hier m\u00fcsse man eher von einem Kaufvertrag mit Montageverpflichtung nach \u00a7 434 Abs. 2 BGB ausgehen.<\/p>\n<hr \/>\n<p><img loading=\"lazy\" decoding=\"async\" class=\"wp-image-9785 alignleft\" src=\"https:\/\/www.buhl.de\/vermieter-web\/wp-content\/uploads\/sites\/33\/2019\/09\/\u00a7.jpg\" alt=\"\" width=\"90\" height=\"87\" \/>\u00a7 434 BGB (Auszug) Sachmangel: \u2026 (2) Ein Sachmangel ist auch dann gegeben, wenn die vereinbarte Montage durch den Verk\u00e4ufer oder dessen Erf\u00fcllungsgehilfen unsachgem\u00e4\u00df durchgef\u00fchrt worden ist. Ein Sachmangel liegt bei einer zur Montage bestimmten Sache ferner vor, wenn die Montageanleitung mangelhaft ist, es sei denn, die Sache ist fehlerfrei montiert worden. \u2026<\/p>\n<hr \/>\n<p>St\u00fcnden jedoch Montage- und Bauleistungen im Vordergrund (z. B. Einbau- und Einpassung der K\u00fcche), m\u00fcsse man von einem Werkvertrag ausgehen. Da das Landgericht diese Pr\u00fcfung nicht vorgenommen hatte, wurde das Verfahren dorthin zur\u00fcck \u00fcberwiesen.<\/p>\n<p>&nbsp;<\/p>\n","protected":false},"excerpt":{"rendered":"<p>Kommt es zu Streitigkeiten \u00fcber M\u00e4ngel an einer vom Verk\u00e4ufer gelieferten und montierten K\u00fcche, ist es wichtig, ob beim Kauf der K\u00fcche ein Werk- oder ein Kaufvertrag geschlossen wurde. Dass diese Grenzziehung nicht ganz einfach ist, zeigt ein Urteil des Bundesgerichthofs vom 19.07.2018 (Aktenzeichen VII ZR 19\/18). n dem Verfahren ging es um eine K\u00fcche, &hellip; <\/p>\n<p class=\"link-more\"><a href=\"https:\/\/www.buhl.de\/vermieter-web\/kuechenkauf-werk-oder-kaufvertrag\/\" class=\"more-link\"><span class=\"screen-reader-text\">\u201eK\u00fcchenkauf: Werk- oder Kaufvertrag?\u201c<\/span> weiterlesen<\/a><\/p>\n","protected":false},"author":15,"featured_media":9803,"comment_status":"open","ping_status":"open","sticky":false,"template":"","format":"standard","meta":{"footnotes":""},"categories":[1],"tags":[492,650,3140,420,3141],"class_list":["post-9801","post","type-post","status-publish","format-standard","has-post-thumbnail","hentry","category-allgemein","tag-einbaukueche","tag-kaufvertrag","tag-kueche","tag-schadenersatz","tag-werkvertrag"],"yoast_head":"<!-- This site is optimized with the Yoast SEO Premium plugin v27.4 (Yoast SEO v27.5) - https:\/\/yoast.com\/product\/yoast-seo-premium-wordpress\/ -->\n<title>Beim K\u00fcchenkauf kann es zum Werks- oder Kaufvertrag kommen<\/title>\n<meta name=\"description\" content=\"Beim Kauf einer K\u00fcche inklusive Lieferung und Montage kommt es zum Werkvertrag, wenn die Montage im Vordergrund steht. Ansonsten kommt es zum Kaufvertrag, Dies spielt bei Schadenersatzanspr\u00fcchen eine entscheidende Rolle.\" \/>\n<meta name=\"robots\" content=\"noindex, nofollow\" \/>\n<meta property=\"og:locale\" content=\"de_DE\" \/>\n<meta property=\"og:type\" content=\"article\" \/>\n<meta property=\"og:title\" content=\"K\u00fcchenkauf: Werk- oder Kaufvertrag?\" \/>\n<meta property=\"og:description\" content=\"Beim Kauf einer K\u00fcche inklusive Lieferung und Montage kommt es zum Werkvertrag, wenn die Montage im Vordergrund steht. Ansonsten kommt es zum Kaufvertrag, Dies spielt bei Schadenersatzanspr\u00fcchen eine entscheidende Rolle.\" \/>\n<meta property=\"og:url\" content=\"https:\/\/www.buhl.de\/vermieter-web\/kuechenkauf-werk-oder-kaufvertrag\/\" \/>\n<meta property=\"og:site_name\" content=\"Online-Nebenkostenabrechnung mit WISO Vermieter-Web\" \/>\n<meta property=\"article:published_time\" content=\"2019-09-12T12:26:26+00:00\" \/>\n<meta property=\"og:image\" content=\"https:\/\/www.buhl.de\/vermieter-web\/wp-content\/uploads\/sites\/33\/2019\/09\/k\u00fcche001.jpg\" \/>\n\t<meta property=\"og:image:width\" content=\"840\" \/>\n\t<meta property=\"og:image:height\" content=\"420\" \/>\n\t<meta property=\"og:image:type\" content=\"image\/jpeg\" \/>\n<meta name=\"author\" content=\"Hartmut Fischer\" \/>\n<meta name=\"twitter:card\" content=\"summary_large_image\" \/>\n<meta name=\"twitter:label1\" content=\"Verfasst von\" \/>\n\t<meta name=\"twitter:data1\" content=\"Hartmut Fischer\" \/>\n\t<meta name=\"twitter:label2\" content=\"Gesch\u00e4tzte Lesezeit\" \/>\n\t<meta name=\"twitter:data2\" content=\"2\u00a0Minuten\" \/>\n<script type=\"application\/ld+json\" class=\"yoast-schema-graph\">{\"@context\":\"https:\\\/\\\/schema.org\",\"@graph\":[{\"@type\":\"Article\",\"@id\":\"https:\\\/\\\/www.buhl.de\\\/vermieter-web\\\/kuechenkauf-werk-oder-kaufvertrag\\\/#article\",\"isPartOf\":{\"@id\":\"https:\\\/\\\/www.buhl.de\\\/vermieter-web\\\/kuechenkauf-werk-oder-kaufvertrag\\\/\"},\"author\":{\"name\":\"Hartmut Fischer\",\"@id\":\"https:\\\/\\\/www.buhl.de\\\/vermieter-web\\\/#\\\/schema\\\/person\\\/82903e1cb04eb553382702d503991b4f\"},\"headline\":\"K\u00fcchenkauf: Werk- oder Kaufvertrag?\",\"datePublished\":\"2019-09-12T12:26:26+00:00\",\"mainEntityOfPage\":{\"@id\":\"https:\\\/\\\/www.buhl.de\\\/vermieter-web\\\/kuechenkauf-werk-oder-kaufvertrag\\\/\"},\"wordCount\":383,\"commentCount\":0,\"image\":{\"@id\":\"https:\\\/\\\/www.buhl.de\\\/vermieter-web\\\/kuechenkauf-werk-oder-kaufvertrag\\\/#primaryimage\"},\"thumbnailUrl\":\"https:\\\/\\\/www.buhl.de\\\/vermieter-web\\\/wp-content\\\/uploads\\\/sites\\\/33\\\/2019\\\/09\\\/k\u00fcche001.jpg\",\"keywords\":[\"Einbauk\u00fcche\",\"Kaufvertrag\",\"K\u00fcche\",\"Schadenersatz\",\"Werkvertrag\"],\"inLanguage\":\"de\",\"potentialAction\":[{\"@type\":\"CommentAction\",\"name\":\"Comment\",\"target\":[\"https:\\\/\\\/www.buhl.de\\\/vermieter-web\\\/kuechenkauf-werk-oder-kaufvertrag\\\/#respond\"]}]},{\"@type\":\"WebPage\",\"@id\":\"https:\\\/\\\/www.buhl.de\\\/vermieter-web\\\/kuechenkauf-werk-oder-kaufvertrag\\\/\",\"url\":\"https:\\\/\\\/www.buhl.de\\\/vermieter-web\\\/kuechenkauf-werk-oder-kaufvertrag\\\/\",\"name\":\"Beim K\u00fcchenkauf kann es zum Werks- oder Kaufvertrag kommen\",\"isPartOf\":{\"@id\":\"https:\\\/\\\/www.buhl.de\\\/vermieter-web\\\/#website\"},\"primaryImageOfPage\":{\"@id\":\"https:\\\/\\\/www.buhl.de\\\/vermieter-web\\\/kuechenkauf-werk-oder-kaufvertrag\\\/#primaryimage\"},\"image\":{\"@id\":\"https:\\\/\\\/www.buhl.de\\\/vermieter-web\\\/kuechenkauf-werk-oder-kaufvertrag\\\/#primaryimage\"},\"thumbnailUrl\":\"https:\\\/\\\/www.buhl.de\\\/vermieter-web\\\/wp-content\\\/uploads\\\/sites\\\/33\\\/2019\\\/09\\\/k\u00fcche001.jpg\",\"datePublished\":\"2019-09-12T12:26:26+00:00\",\"author\":{\"@id\":\"https:\\\/\\\/www.buhl.de\\\/vermieter-web\\\/#\\\/schema\\\/person\\\/82903e1cb04eb553382702d503991b4f\"},\"description\":\"Beim Kauf einer K\u00fcche inklusive Lieferung und Montage kommt es zum Werkvertrag, wenn die Montage im Vordergrund steht. Ansonsten kommt es zum Kaufvertrag, Dies spielt bei Schadenersatzanspr\u00fcchen eine entscheidende Rolle.\",\"breadcrumb\":{\"@id\":\"https:\\\/\\\/www.buhl.de\\\/vermieter-web\\\/kuechenkauf-werk-oder-kaufvertrag\\\/#breadcrumb\"},\"inLanguage\":\"de\",\"potentialAction\":[{\"@type\":\"ReadAction\",\"target\":[\"https:\\\/\\\/www.buhl.de\\\/vermieter-web\\\/kuechenkauf-werk-oder-kaufvertrag\\\/\"]}]},{\"@type\":\"ImageObject\",\"inLanguage\":\"de\",\"@id\":\"https:\\\/\\\/www.buhl.de\\\/vermieter-web\\\/kuechenkauf-werk-oder-kaufvertrag\\\/#primaryimage\",\"url\":\"https:\\\/\\\/www.buhl.de\\\/vermieter-web\\\/wp-content\\\/uploads\\\/sites\\\/33\\\/2019\\\/09\\\/k\u00fcche001.jpg\",\"contentUrl\":\"https:\\\/\\\/www.buhl.de\\\/vermieter-web\\\/wp-content\\\/uploads\\\/sites\\\/33\\\/2019\\\/09\\\/k\u00fcche001.jpg\",\"width\":840,\"height\":420,\"caption\":\"Schadenersatzanspr\u00fcche beim Kauf einer K\u00fcche.\"},{\"@type\":\"BreadcrumbList\",\"@id\":\"https:\\\/\\\/www.buhl.de\\\/vermieter-web\\\/kuechenkauf-werk-oder-kaufvertrag\\\/#breadcrumb\",\"itemListElement\":[{\"@type\":\"ListItem\",\"position\":1,\"name\":\"Startseite\",\"item\":\"https:\\\/\\\/www.buhl.de\\\/vermieter-web\\\/\"},{\"@type\":\"ListItem\",\"position\":2,\"name\":\"K\u00fcchenkauf: Werk- oder Kaufvertrag?\"}]},{\"@type\":\"WebSite\",\"@id\":\"https:\\\/\\\/www.buhl.de\\\/vermieter-web\\\/#website\",\"url\":\"https:\\\/\\\/www.buhl.de\\\/vermieter-web\\\/\",\"name\":\"Online-Nebenkostenabrechnung mit WISO Vermieter-Web\",\"description\":\"\",\"potentialAction\":[{\"@type\":\"SearchAction\",\"target\":{\"@type\":\"EntryPoint\",\"urlTemplate\":\"https:\\\/\\\/www.buhl.de\\\/vermieter-web\\\/?s={search_term_string}\"},\"query-input\":{\"@type\":\"PropertyValueSpecification\",\"valueRequired\":true,\"valueName\":\"search_term_string\"}}],\"inLanguage\":\"de\"},{\"@type\":\"Person\",\"@id\":\"https:\\\/\\\/www.buhl.de\\\/vermieter-web\\\/#\\\/schema\\\/person\\\/82903e1cb04eb553382702d503991b4f\",\"name\":\"Hartmut Fischer\"}]}<\/script>\n<!-- \/ Yoast SEO Premium plugin. -->","yoast_head_json":{"title":"Beim K\u00fcchenkauf kann es zum Werks- oder Kaufvertrag kommen","description":"Beim Kauf einer K\u00fcche inklusive Lieferung und Montage kommt es zum Werkvertrag, wenn die Montage im Vordergrund steht. Ansonsten kommt es zum Kaufvertrag, Dies spielt bei Schadenersatzanspr\u00fcchen eine entscheidende Rolle.","robots":{"index":"noindex","follow":"nofollow"},"og_locale":"de_DE","og_type":"article","og_title":"K\u00fcchenkauf: Werk- oder Kaufvertrag?","og_description":"Beim Kauf einer K\u00fcche inklusive Lieferung und Montage kommt es zum Werkvertrag, wenn die Montage im Vordergrund steht. Ansonsten kommt es zum Kaufvertrag, Dies spielt bei Schadenersatzanspr\u00fcchen eine entscheidende Rolle.","og_url":"https:\/\/www.buhl.de\/vermieter-web\/kuechenkauf-werk-oder-kaufvertrag\/","og_site_name":"Online-Nebenkostenabrechnung mit WISO Vermieter-Web","article_published_time":"2019-09-12T12:26:26+00:00","og_image":[{"width":840,"height":420,"url":"https:\/\/www.buhl.de\/vermieter-web\/wp-content\/uploads\/sites\/33\/2019\/09\/k\u00fcche001.jpg","type":"image\/jpeg"}],"author":"Hartmut Fischer","twitter_card":"summary_large_image","twitter_misc":{"Verfasst von":"Hartmut Fischer","Gesch\u00e4tzte Lesezeit":"2\u00a0Minuten"},"schema":{"@context":"https:\/\/schema.org","@graph":[{"@type":"Article","@id":"https:\/\/www.buhl.de\/vermieter-web\/kuechenkauf-werk-oder-kaufvertrag\/#article","isPartOf":{"@id":"https:\/\/www.buhl.de\/vermieter-web\/kuechenkauf-werk-oder-kaufvertrag\/"},"author":{"name":"Hartmut Fischer","@id":"https:\/\/www.buhl.de\/vermieter-web\/#\/schema\/person\/82903e1cb04eb553382702d503991b4f"},"headline":"K\u00fcchenkauf: Werk- oder Kaufvertrag?","datePublished":"2019-09-12T12:26:26+00:00","mainEntityOfPage":{"@id":"https:\/\/www.buhl.de\/vermieter-web\/kuechenkauf-werk-oder-kaufvertrag\/"},"wordCount":383,"commentCount":0,"image":{"@id":"https:\/\/www.buhl.de\/vermieter-web\/kuechenkauf-werk-oder-kaufvertrag\/#primaryimage"},"thumbnailUrl":"https:\/\/www.buhl.de\/vermieter-web\/wp-content\/uploads\/sites\/33\/2019\/09\/k\u00fcche001.jpg","keywords":["Einbauk\u00fcche","Kaufvertrag","K\u00fcche","Schadenersatz","Werkvertrag"],"inLanguage":"de","potentialAction":[{"@type":"CommentAction","name":"Comment","target":["https:\/\/www.buhl.de\/vermieter-web\/kuechenkauf-werk-oder-kaufvertrag\/#respond"]}]},{"@type":"WebPage","@id":"https:\/\/www.buhl.de\/vermieter-web\/kuechenkauf-werk-oder-kaufvertrag\/","url":"https:\/\/www.buhl.de\/vermieter-web\/kuechenkauf-werk-oder-kaufvertrag\/","name":"Beim K\u00fcchenkauf kann es zum Werks- oder Kaufvertrag kommen","isPartOf":{"@id":"https:\/\/www.buhl.de\/vermieter-web\/#website"},"primaryImageOfPage":{"@id":"https:\/\/www.buhl.de\/vermieter-web\/kuechenkauf-werk-oder-kaufvertrag\/#primaryimage"},"image":{"@id":"https:\/\/www.buhl.de\/vermieter-web\/kuechenkauf-werk-oder-kaufvertrag\/#primaryimage"},"thumbnailUrl":"https:\/\/www.buhl.de\/vermieter-web\/wp-content\/uploads\/sites\/33\/2019\/09\/k\u00fcche001.jpg","datePublished":"2019-09-12T12:26:26+00:00","author":{"@id":"https:\/\/www.buhl.de\/vermieter-web\/#\/schema\/person\/82903e1cb04eb553382702d503991b4f"},"description":"Beim Kauf einer K\u00fcche inklusive Lieferung und Montage kommt es zum Werkvertrag, wenn die Montage im Vordergrund steht. Ansonsten kommt es zum Kaufvertrag, Dies spielt bei Schadenersatzanspr\u00fcchen eine entscheidende Rolle.","breadcrumb":{"@id":"https:\/\/www.buhl.de\/vermieter-web\/kuechenkauf-werk-oder-kaufvertrag\/#breadcrumb"},"inLanguage":"de","potentialAction":[{"@type":"ReadAction","target":["https:\/\/www.buhl.de\/vermieter-web\/kuechenkauf-werk-oder-kaufvertrag\/"]}]},{"@type":"ImageObject","inLanguage":"de","@id":"https:\/\/www.buhl.de\/vermieter-web\/kuechenkauf-werk-oder-kaufvertrag\/#primaryimage","url":"https:\/\/www.buhl.de\/vermieter-web\/wp-content\/uploads\/sites\/33\/2019\/09\/k\u00fcche001.jpg","contentUrl":"https:\/\/www.buhl.de\/vermieter-web\/wp-content\/uploads\/sites\/33\/2019\/09\/k\u00fcche001.jpg","width":840,"height":420,"caption":"Schadenersatzanspr\u00fcche beim Kauf einer K\u00fcche."},{"@type":"BreadcrumbList","@id":"https:\/\/www.buhl.de\/vermieter-web\/kuechenkauf-werk-oder-kaufvertrag\/#breadcrumb","itemListElement":[{"@type":"ListItem","position":1,"name":"Startseite","item":"https:\/\/www.buhl.de\/vermieter-web\/"},{"@type":"ListItem","position":2,"name":"K\u00fcchenkauf: Werk- oder Kaufvertrag?"}]},{"@type":"WebSite","@id":"https:\/\/www.buhl.de\/vermieter-web\/#website","url":"https:\/\/www.buhl.de\/vermieter-web\/","name":"Online-Nebenkostenabrechnung mit WISO Vermieter-Web","description":"","potentialAction":[{"@type":"SearchAction","target":{"@type":"EntryPoint","urlTemplate":"https:\/\/www.buhl.de\/vermieter-web\/?s={search_term_string}"},"query-input":{"@type":"PropertyValueSpecification","valueRequired":true,"valueName":"search_term_string"}}],"inLanguage":"de"},{"@type":"Person","@id":"https:\/\/www.buhl.de\/vermieter-web\/#\/schema\/person\/82903e1cb04eb553382702d503991b4f","name":"Hartmut Fischer"}]}},"_links":{"self":[{"href":"https:\/\/www.buhl.de\/vermieter-web\/wp-json\/wp\/v2\/posts\/9801","targetHints":{"allow":["GET"]}}],"collection":[{"href":"https:\/\/www.buhl.de\/vermieter-web\/wp-json\/wp\/v2\/posts"}],"about":[{"href":"https:\/\/www.buhl.de\/vermieter-web\/wp-json\/wp\/v2\/types\/post"}],"author":[{"embeddable":true,"href":"https:\/\/www.buhl.de\/vermieter-web\/wp-json\/wp\/v2\/users\/15"}],"replies":[{"embeddable":true,"href":"https:\/\/www.buhl.de\/vermieter-web\/wp-json\/wp\/v2\/comments?post=9801"}],"version-history":[{"count":1,"href":"https:\/\/www.buhl.de\/vermieter-web\/wp-json\/wp\/v2\/posts\/9801\/revisions"}],"predecessor-version":[{"id":9804,"href":"https:\/\/www.buhl.de\/vermieter-web\/wp-json\/wp\/v2\/posts\/9801\/revisions\/9804"}],"wp:featuredmedia":[{"embeddable":true,"href":"https:\/\/www.buhl.de\/vermieter-web\/wp-json\/wp\/v2\/media\/9803"}],"wp:attachment":[{"href":"https:\/\/www.buhl.de\/vermieter-web\/wp-json\/wp\/v2\/media?parent=9801"}],"wp:term":[{"taxonomy":"category","embeddable":true,"href":"https:\/\/www.buhl.de\/vermieter-web\/wp-json\/wp\/v2\/categories?post=9801"},{"taxonomy":"post_tag","embeddable":true,"href":"https:\/\/www.buhl.de\/vermieter-web\/wp-json\/wp\/v2\/tags?post=9801"}],"curies":[{"name":"wp","href":"https:\/\/api.w.org\/{rel}","templated":true}]}}