{"id":9836,"date":"2019-10-07T13:43:40","date_gmt":"2019-10-07T11:43:40","guid":{"rendered":"http:\/\/www.buhl.de\/vermieter-web\/?p=9836"},"modified":"2019-10-07T13:46:47","modified_gmt":"2019-10-07T11:46:47","slug":"aussendaemmung-geht-ueber-die-grenze","status":"publish","type":"post","link":"https:\/\/www.buhl.de\/vermieter-web\/aussendaemmung-geht-ueber-die-grenze\/","title":{"rendered":"Au\u00dfend\u00e4mmung geht \u00fcber die Grenze"},"content":{"rendered":"<p><strong>Ein Nachbar muss die \u00dcberbauung seines Grundst\u00fccks mit einer au\u00dfen angebrachten W\u00e4rmed\u00e4mmung nicht grunds\u00e4tzlich dulden, wenn es hierzu auch Alternativen gibt, die mit einem vertretbaren Aufwand realisiert werden k\u00f6nnen. Zu diesem Ergebnis kam das Bayerische Oberste Landesgericht in einem Urteil vom 01.10.2019 (Aktenzeichen 1 ZRR 4\/19)<\/strong><\/p>\n<p>In dem Verfahren ging es um die D\u00e4mmung einer Fassade, die au\u00dfen angebracht werden sollte. Das zu d\u00e4mmende Geb\u00e4ude steht im Freistaat Bayern an der Grenze zum Nachbargrundst\u00fcck. Die D\u00e4mmung von 18 Zentimeter St\u00e4rke f\u00fchrte deshalb zur \u00dcberbauung des Nachbargrundst\u00fcckes. Der Nachbar wollte diese \u00dcberbauung nicht zulassen. Deshalb klagte der Immobilieneigent\u00fcmer und verwies darauf, dass eine vergleichbare W\u00e4rmed\u00e4mmung von innen nicht beziehungsweise nur mit einem nicht vertretbaren Aufwand m\u00f6glich sei.<\/p>\n<p><strong>Amts- und Landgericht entscheiden unterschiedlich<\/strong><\/p>\n<p>Das zust\u00e4ndige Amtsgericht entschied zun\u00e4chst, dass der Nachbar eine \u00dcberbauung bis zu 5 Zentimeter dulden m\u00fcsse. Beide Parteien gingen in die Berufung. Hier entschied das Landgericht aufgrund eines Sachverst\u00e4ndigengutachtens gegen den Immobilieneigent\u00fcmer. Allerdings lie\u00df es die Revision beim Bayerischen Oberlandesgericht zu.<\/p>\n<p><strong>Bayerische Oberste Landesgericht: Keine Duldungspflicht <\/strong><\/p>\n<p>Das Bayerische Oberste Landgericht entschied gegen den Kl\u00e4ger und stellte fest, dass eine \u00dcberbauung der Grundst\u00fccksgrenze nicht geduldet werden m\u00fcsse. Die Voraussetzungen f\u00fcr eine Duldung nach Artikel\u00a046a\u00a0Abs.\u00a01\u00a0des Gesetzes zur Ausf\u00fchrung des B\u00fcrgerlichen Gesetzbuchs (AGBGB) \u2013 ein bayerisches Landesgesetz \u2013 l\u00e4gen nicht vor.<\/p>\n<hr \/>\n<p><strong><img loading=\"lazy\" decoding=\"async\" class=\"wp-image-9785 alignleft\" src=\"https:\/\/www.buhl.de\/vermieter-web\/wp-content\/uploads\/sites\/33\/2019\/09\/\u00a7.jpg\" alt=\"\" width=\"90\" height=\"87\" \/>Art.\u00a046a\u00a0AGBGB: \u00dcberbau durch W\u00e4rmed\u00e4mmung (Auszug)<br \/>\n<\/strong>(Bayerisches Landesgesetz)<\/p>\n<p>(1) Der Eigent\u00fcmer und der Nutzungsberechtigte eines Grundst\u00fccks haben zu dulden, dass die auf einer vorhandenen Grenzmauer oder Kommunmauer nachtr\u00e4glich aufgebrachte W\u00e4rmed\u00e4mmung und sonstige mit\u00a0ihr\u00a0in Zusammenhang stehende untergeordnete Bauteile auf das Grundst\u00fcck \u00fcbergreifen, soweit und solange<\/p>\n<ol>\n<li>diese die Benutzung des Grundst\u00fccks nicht oder nur geringf\u00fcgig beeintr\u00e4chtigen und eine zul\u00e4ssige beabsichtigte Nutzung des Grundst\u00fccks nicht behindern,<\/li>\n<li>die \u00fcbergreifenden Bauteile \u00f6ffentlich-rechtlichen Vorschriften nicht widersprechen und<\/li>\n<li>eine vergleichbare W\u00e4rmed\u00e4mmung auf andere Weise als durch eine Au\u00dfend\u00e4mmung mit vertretbarem Aufwand nicht vorgenommen werden kann.<br \/>\n<hr \/>\n<\/li>\n<\/ol>\n<p>Bezugnehmend auf den \u00a7 46a AGBGB stellten die Richter beim Obersten Bayerischen Landesgericht fest, dass die Au\u00dfend\u00e4mmung nur geduldet werden m\u00fcsse, wenn es f\u00fcr die D\u00e4mmung keine Alternative g\u00e4be. Bei der Beurteilung von Alternativl\u00f6sungen d\u00fcrften nicht nur die Kosten hierf\u00fcr herangezogen werden. Ob es eine andere L\u00f6sung g\u00e4be, m\u00fcsse individuell entschieden werden.<\/p>\n<p>Nach den landesgesetzlichen Reglungen habe eine Au\u00dfend\u00e4mmung grunds\u00e4tzlich keinen Vorrang vor der Innend\u00e4mmung. Im vorliegenden Fall k\u00f6nnen die Grenzwerte der EnEV mit einer Innend\u00e4mmung\u00a0eingehalten\u00a0werden. Dass dabei besondere Ma\u00dfnahmen zur Vermeidung bauphysikalischer Nachteile zu ergreifen sind, m\u00fcsse als vertretbarer Aufwand angesehen werden.<\/p>\n<p><em><strong><img loading=\"lazy\" decoding=\"async\" class=\"wp-image-9793 alignleft\" src=\"https:\/\/www.buhl.de\/vermieter-web\/wp-content\/uploads\/sites\/33\/2019\/09\/Verlinkung.jpg\" alt=\"\" width=\"90\" height=\"87\" \/>Das k\u00f6nnte Sie auch interessieren:<br \/>\n<\/strong><\/em><a href=\"\/vermieter-web\/luftwaermepumpe-zu-nah-an-der-grenze\/\">Luftw\u00e4rmepumpe zu nah an der Grenze?\u00a0<\/a><br \/>\n<a href=\"\/vermieter-web\/verwirkte-nachbarrechte-bleiben-verwirkt\/\">Verwirkte Nachbarrechte bleiben verwirkt<\/a><br \/>\n<a href=\"\/vermieter-web\/der-holzstapel-an-der-grundstuecksgrenze\/\">Der Holzstapel an der Grundst\u00fccksgrenze<\/a><\/p>\n<p>&nbsp;<\/p>\n","protected":false},"excerpt":{"rendered":"<p>Ein Nachbar muss die \u00dcberbauung seines Grundst\u00fccks mit einer au\u00dfen angebrachten W\u00e4rmed\u00e4mmung nicht grunds\u00e4tzlich dulden, wenn es hierzu auch Alternativen gibt, die mit einem vertretbaren Aufwand realisiert werden k\u00f6nnen. Zu diesem Ergebnis kam das Bayerische Oberste Landesgericht in einem Urteil vom 01.10.2019 (Aktenzeichen 1 ZRR 4\/19) In dem Verfahren ging es um die D\u00e4mmung einer &hellip; <\/p>\n<p class=\"link-more\"><a href=\"https:\/\/www.buhl.de\/vermieter-web\/aussendaemmung-geht-ueber-die-grenze\/\" class=\"more-link\"><span class=\"screen-reader-text\">\u201eAu\u00dfend\u00e4mmung geht \u00fcber die Grenze\u201c<\/span> weiterlesen<\/a><\/p>\n","protected":false},"author":15,"featured_media":9841,"comment_status":"open","ping_status":"open","sticky":false,"template":"","format":"standard","meta":{"footnotes":""},"categories":[1],"tags":[521,453,467],"class_list":["post-9836","post","type-post","status-publish","format-standard","has-post-thumbnail","hentry","category-allgemein","tag-daemmung","tag-grundstuecksgrenze","tag-nachbargrundstueck"],"yoast_head":"<!-- This site is optimized with the Yoast SEO Premium plugin v27.4 (Yoast SEO v27.5) - https:\/\/yoast.com\/product\/yoast-seo-premium-wordpress\/ -->\n<title>Keine W\u00e4remed\u00e4mmung von au\u00dfen, wenn die Grenze \u00fcberbaut wird.<\/title>\n<meta name=\"description\" content=\"Wenn eine Innend\u00e4mmung m\u00f6glich und zumutbar ist, hat der Nachbar kein Recht, mit einer Au\u00dfend\u00e4mmung seine Grundst\u00fccksgrenze zu \u00fcberschreiten.\" \/>\n<meta name=\"robots\" content=\"noindex, nofollow\" \/>\n<meta property=\"og:locale\" content=\"de_DE\" \/>\n<meta property=\"og:type\" content=\"article\" \/>\n<meta property=\"og:title\" content=\"Au\u00dfend\u00e4mmung geht \u00fcber die Grenze\" \/>\n<meta property=\"og:description\" content=\"Wenn eine Innend\u00e4mmung m\u00f6glich und zumutbar ist, hat der Nachbar kein Recht, mit einer Au\u00dfend\u00e4mmung seine Grundst\u00fccksgrenze zu \u00fcberschreiten.\" \/>\n<meta property=\"og:url\" content=\"https:\/\/www.buhl.de\/vermieter-web\/aussendaemmung-geht-ueber-die-grenze\/\" \/>\n<meta property=\"og:site_name\" content=\"Online-Nebenkostenabrechnung mit WISO Vermieter-Web\" \/>\n<meta property=\"article:published_time\" content=\"2019-10-07T11:43:40+00:00\" \/>\n<meta property=\"article:modified_time\" content=\"2019-10-07T11:46:47+00:00\" \/>\n<meta property=\"og:image\" content=\"https:\/\/www.buhl.de\/vermieter-web\/wp-content\/uploads\/sites\/33\/2019\/10\/mauerbluemchen.jpg\" \/>\n\t<meta property=\"og:image:width\" content=\"840\" \/>\n\t<meta property=\"og:image:height\" content=\"420\" \/>\n\t<meta property=\"og:image:type\" content=\"image\/jpeg\" \/>\n<meta name=\"author\" content=\"Hartmut Fischer\" \/>\n<meta name=\"twitter:card\" content=\"summary_large_image\" \/>\n<meta name=\"twitter:label1\" content=\"Verfasst von\" \/>\n\t<meta name=\"twitter:data1\" content=\"Hartmut Fischer\" \/>\n\t<meta name=\"twitter:label2\" content=\"Gesch\u00e4tzte Lesezeit\" \/>\n\t<meta name=\"twitter:data2\" content=\"2\u00a0Minuten\" \/>\n<script type=\"application\/ld+json\" class=\"yoast-schema-graph\">{\"@context\":\"https:\\\/\\\/schema.org\",\"@graph\":[{\"@type\":\"Article\",\"@id\":\"https:\\\/\\\/www.buhl.de\\\/vermieter-web\\\/aussendaemmung-geht-ueber-die-grenze\\\/#article\",\"isPartOf\":{\"@id\":\"https:\\\/\\\/www.buhl.de\\\/vermieter-web\\\/aussendaemmung-geht-ueber-die-grenze\\\/\"},\"author\":{\"name\":\"Hartmut Fischer\",\"@id\":\"https:\\\/\\\/www.buhl.de\\\/vermieter-web\\\/#\\\/schema\\\/person\\\/82903e1cb04eb553382702d503991b4f\"},\"headline\":\"Au\u00dfend\u00e4mmung geht \u00fcber die Grenze\",\"datePublished\":\"2019-10-07T11:43:40+00:00\",\"dateModified\":\"2019-10-07T11:46:47+00:00\",\"mainEntityOfPage\":{\"@id\":\"https:\\\/\\\/www.buhl.de\\\/vermieter-web\\\/aussendaemmung-geht-ueber-die-grenze\\\/\"},\"wordCount\":488,\"commentCount\":0,\"image\":{\"@id\":\"https:\\\/\\\/www.buhl.de\\\/vermieter-web\\\/aussendaemmung-geht-ueber-die-grenze\\\/#primaryimage\"},\"thumbnailUrl\":\"https:\\\/\\\/www.buhl.de\\\/vermieter-web\\\/wp-content\\\/uploads\\\/sites\\\/33\\\/2019\\\/10\\\/mauerbluemchen.jpg\",\"keywords\":[\"D\u00e4mmung\",\"Grundst\u00fccksgrenze\",\"Nachbargrundst\u00fcck\"],\"inLanguage\":\"de\",\"potentialAction\":[{\"@type\":\"CommentAction\",\"name\":\"Comment\",\"target\":[\"https:\\\/\\\/www.buhl.de\\\/vermieter-web\\\/aussendaemmung-geht-ueber-die-grenze\\\/#respond\"]}]},{\"@type\":\"WebPage\",\"@id\":\"https:\\\/\\\/www.buhl.de\\\/vermieter-web\\\/aussendaemmung-geht-ueber-die-grenze\\\/\",\"url\":\"https:\\\/\\\/www.buhl.de\\\/vermieter-web\\\/aussendaemmung-geht-ueber-die-grenze\\\/\",\"name\":\"Keine W\u00e4remed\u00e4mmung von au\u00dfen, wenn die Grenze \u00fcberbaut wird.\",\"isPartOf\":{\"@id\":\"https:\\\/\\\/www.buhl.de\\\/vermieter-web\\\/#website\"},\"primaryImageOfPage\":{\"@id\":\"https:\\\/\\\/www.buhl.de\\\/vermieter-web\\\/aussendaemmung-geht-ueber-die-grenze\\\/#primaryimage\"},\"image\":{\"@id\":\"https:\\\/\\\/www.buhl.de\\\/vermieter-web\\\/aussendaemmung-geht-ueber-die-grenze\\\/#primaryimage\"},\"thumbnailUrl\":\"https:\\\/\\\/www.buhl.de\\\/vermieter-web\\\/wp-content\\\/uploads\\\/sites\\\/33\\\/2019\\\/10\\\/mauerbluemchen.jpg\",\"datePublished\":\"2019-10-07T11:43:40+00:00\",\"dateModified\":\"2019-10-07T11:46:47+00:00\",\"author\":{\"@id\":\"https:\\\/\\\/www.buhl.de\\\/vermieter-web\\\/#\\\/schema\\\/person\\\/82903e1cb04eb553382702d503991b4f\"},\"description\":\"Wenn eine Innend\u00e4mmung m\u00f6glich und zumutbar ist, hat der Nachbar kein Recht, mit einer Au\u00dfend\u00e4mmung seine Grundst\u00fccksgrenze zu \u00fcberschreiten.\",\"breadcrumb\":{\"@id\":\"https:\\\/\\\/www.buhl.de\\\/vermieter-web\\\/aussendaemmung-geht-ueber-die-grenze\\\/#breadcrumb\"},\"inLanguage\":\"de\",\"potentialAction\":[{\"@type\":\"ReadAction\",\"target\":[\"https:\\\/\\\/www.buhl.de\\\/vermieter-web\\\/aussendaemmung-geht-ueber-die-grenze\\\/\"]}]},{\"@type\":\"ImageObject\",\"inLanguage\":\"de\",\"@id\":\"https:\\\/\\\/www.buhl.de\\\/vermieter-web\\\/aussendaemmung-geht-ueber-die-grenze\\\/#primaryimage\",\"url\":\"https:\\\/\\\/www.buhl.de\\\/vermieter-web\\\/wp-content\\\/uploads\\\/sites\\\/33\\\/2019\\\/10\\\/mauerbluemchen.jpg\",\"contentUrl\":\"https:\\\/\\\/www.buhl.de\\\/vermieter-web\\\/wp-content\\\/uploads\\\/sites\\\/33\\\/2019\\\/10\\\/mauerbluemchen.jpg\",\"width\":840,\"height\":420,\"caption\":\"Bestehen Alternativen, darf die Au\u00dfend\u00e4mmung nicht die Grenze zum Nachbarn \u00fcberbauen.\"},{\"@type\":\"BreadcrumbList\",\"@id\":\"https:\\\/\\\/www.buhl.de\\\/vermieter-web\\\/aussendaemmung-geht-ueber-die-grenze\\\/#breadcrumb\",\"itemListElement\":[{\"@type\":\"ListItem\",\"position\":1,\"name\":\"Startseite\",\"item\":\"https:\\\/\\\/www.buhl.de\\\/vermieter-web\\\/\"},{\"@type\":\"ListItem\",\"position\":2,\"name\":\"Au\u00dfend\u00e4mmung geht \u00fcber die Grenze\"}]},{\"@type\":\"WebSite\",\"@id\":\"https:\\\/\\\/www.buhl.de\\\/vermieter-web\\\/#website\",\"url\":\"https:\\\/\\\/www.buhl.de\\\/vermieter-web\\\/\",\"name\":\"Online-Nebenkostenabrechnung mit WISO Vermieter-Web\",\"description\":\"\",\"potentialAction\":[{\"@type\":\"SearchAction\",\"target\":{\"@type\":\"EntryPoint\",\"urlTemplate\":\"https:\\\/\\\/www.buhl.de\\\/vermieter-web\\\/?s={search_term_string}\"},\"query-input\":{\"@type\":\"PropertyValueSpecification\",\"valueRequired\":true,\"valueName\":\"search_term_string\"}}],\"inLanguage\":\"de\"},{\"@type\":\"Person\",\"@id\":\"https:\\\/\\\/www.buhl.de\\\/vermieter-web\\\/#\\\/schema\\\/person\\\/82903e1cb04eb553382702d503991b4f\",\"name\":\"Hartmut Fischer\"}]}<\/script>\n<!-- \/ Yoast SEO Premium plugin. -->","yoast_head_json":{"title":"Keine W\u00e4remed\u00e4mmung von au\u00dfen, wenn die Grenze \u00fcberbaut wird.","description":"Wenn eine Innend\u00e4mmung m\u00f6glich und zumutbar ist, hat der Nachbar kein Recht, mit einer Au\u00dfend\u00e4mmung seine Grundst\u00fccksgrenze zu \u00fcberschreiten.","robots":{"index":"noindex","follow":"nofollow"},"og_locale":"de_DE","og_type":"article","og_title":"Au\u00dfend\u00e4mmung geht \u00fcber die Grenze","og_description":"Wenn eine Innend\u00e4mmung m\u00f6glich und zumutbar ist, hat der Nachbar kein Recht, mit einer Au\u00dfend\u00e4mmung seine Grundst\u00fccksgrenze zu \u00fcberschreiten.","og_url":"https:\/\/www.buhl.de\/vermieter-web\/aussendaemmung-geht-ueber-die-grenze\/","og_site_name":"Online-Nebenkostenabrechnung mit WISO Vermieter-Web","article_published_time":"2019-10-07T11:43:40+00:00","article_modified_time":"2019-10-07T11:46:47+00:00","og_image":[{"width":840,"height":420,"url":"https:\/\/www.buhl.de\/vermieter-web\/wp-content\/uploads\/sites\/33\/2019\/10\/mauerbluemchen.jpg","type":"image\/jpeg"}],"author":"Hartmut Fischer","twitter_card":"summary_large_image","twitter_misc":{"Verfasst von":"Hartmut Fischer","Gesch\u00e4tzte Lesezeit":"2\u00a0Minuten"},"schema":{"@context":"https:\/\/schema.org","@graph":[{"@type":"Article","@id":"https:\/\/www.buhl.de\/vermieter-web\/aussendaemmung-geht-ueber-die-grenze\/#article","isPartOf":{"@id":"https:\/\/www.buhl.de\/vermieter-web\/aussendaemmung-geht-ueber-die-grenze\/"},"author":{"name":"Hartmut Fischer","@id":"https:\/\/www.buhl.de\/vermieter-web\/#\/schema\/person\/82903e1cb04eb553382702d503991b4f"},"headline":"Au\u00dfend\u00e4mmung geht \u00fcber die Grenze","datePublished":"2019-10-07T11:43:40+00:00","dateModified":"2019-10-07T11:46:47+00:00","mainEntityOfPage":{"@id":"https:\/\/www.buhl.de\/vermieter-web\/aussendaemmung-geht-ueber-die-grenze\/"},"wordCount":488,"commentCount":0,"image":{"@id":"https:\/\/www.buhl.de\/vermieter-web\/aussendaemmung-geht-ueber-die-grenze\/#primaryimage"},"thumbnailUrl":"https:\/\/www.buhl.de\/vermieter-web\/wp-content\/uploads\/sites\/33\/2019\/10\/mauerbluemchen.jpg","keywords":["D\u00e4mmung","Grundst\u00fccksgrenze","Nachbargrundst\u00fcck"],"inLanguage":"de","potentialAction":[{"@type":"CommentAction","name":"Comment","target":["https:\/\/www.buhl.de\/vermieter-web\/aussendaemmung-geht-ueber-die-grenze\/#respond"]}]},{"@type":"WebPage","@id":"https:\/\/www.buhl.de\/vermieter-web\/aussendaemmung-geht-ueber-die-grenze\/","url":"https:\/\/www.buhl.de\/vermieter-web\/aussendaemmung-geht-ueber-die-grenze\/","name":"Keine W\u00e4remed\u00e4mmung von au\u00dfen, wenn die Grenze \u00fcberbaut wird.","isPartOf":{"@id":"https:\/\/www.buhl.de\/vermieter-web\/#website"},"primaryImageOfPage":{"@id":"https:\/\/www.buhl.de\/vermieter-web\/aussendaemmung-geht-ueber-die-grenze\/#primaryimage"},"image":{"@id":"https:\/\/www.buhl.de\/vermieter-web\/aussendaemmung-geht-ueber-die-grenze\/#primaryimage"},"thumbnailUrl":"https:\/\/www.buhl.de\/vermieter-web\/wp-content\/uploads\/sites\/33\/2019\/10\/mauerbluemchen.jpg","datePublished":"2019-10-07T11:43:40+00:00","dateModified":"2019-10-07T11:46:47+00:00","author":{"@id":"https:\/\/www.buhl.de\/vermieter-web\/#\/schema\/person\/82903e1cb04eb553382702d503991b4f"},"description":"Wenn eine Innend\u00e4mmung m\u00f6glich und zumutbar ist, hat der Nachbar kein Recht, mit einer Au\u00dfend\u00e4mmung seine Grundst\u00fccksgrenze zu \u00fcberschreiten.","breadcrumb":{"@id":"https:\/\/www.buhl.de\/vermieter-web\/aussendaemmung-geht-ueber-die-grenze\/#breadcrumb"},"inLanguage":"de","potentialAction":[{"@type":"ReadAction","target":["https:\/\/www.buhl.de\/vermieter-web\/aussendaemmung-geht-ueber-die-grenze\/"]}]},{"@type":"ImageObject","inLanguage":"de","@id":"https:\/\/www.buhl.de\/vermieter-web\/aussendaemmung-geht-ueber-die-grenze\/#primaryimage","url":"https:\/\/www.buhl.de\/vermieter-web\/wp-content\/uploads\/sites\/33\/2019\/10\/mauerbluemchen.jpg","contentUrl":"https:\/\/www.buhl.de\/vermieter-web\/wp-content\/uploads\/sites\/33\/2019\/10\/mauerbluemchen.jpg","width":840,"height":420,"caption":"Bestehen Alternativen, darf die Au\u00dfend\u00e4mmung nicht die Grenze zum Nachbarn \u00fcberbauen."},{"@type":"BreadcrumbList","@id":"https:\/\/www.buhl.de\/vermieter-web\/aussendaemmung-geht-ueber-die-grenze\/#breadcrumb","itemListElement":[{"@type":"ListItem","position":1,"name":"Startseite","item":"https:\/\/www.buhl.de\/vermieter-web\/"},{"@type":"ListItem","position":2,"name":"Au\u00dfend\u00e4mmung geht \u00fcber die Grenze"}]},{"@type":"WebSite","@id":"https:\/\/www.buhl.de\/vermieter-web\/#website","url":"https:\/\/www.buhl.de\/vermieter-web\/","name":"Online-Nebenkostenabrechnung mit WISO Vermieter-Web","description":"","potentialAction":[{"@type":"SearchAction","target":{"@type":"EntryPoint","urlTemplate":"https:\/\/www.buhl.de\/vermieter-web\/?s={search_term_string}"},"query-input":{"@type":"PropertyValueSpecification","valueRequired":true,"valueName":"search_term_string"}}],"inLanguage":"de"},{"@type":"Person","@id":"https:\/\/www.buhl.de\/vermieter-web\/#\/schema\/person\/82903e1cb04eb553382702d503991b4f","name":"Hartmut Fischer"}]}},"_links":{"self":[{"href":"https:\/\/www.buhl.de\/vermieter-web\/wp-json\/wp\/v2\/posts\/9836","targetHints":{"allow":["GET"]}}],"collection":[{"href":"https:\/\/www.buhl.de\/vermieter-web\/wp-json\/wp\/v2\/posts"}],"about":[{"href":"https:\/\/www.buhl.de\/vermieter-web\/wp-json\/wp\/v2\/types\/post"}],"author":[{"embeddable":true,"href":"https:\/\/www.buhl.de\/vermieter-web\/wp-json\/wp\/v2\/users\/15"}],"replies":[{"embeddable":true,"href":"https:\/\/www.buhl.de\/vermieter-web\/wp-json\/wp\/v2\/comments?post=9836"}],"version-history":[{"count":3,"href":"https:\/\/www.buhl.de\/vermieter-web\/wp-json\/wp\/v2\/posts\/9836\/revisions"}],"predecessor-version":[{"id":9843,"href":"https:\/\/www.buhl.de\/vermieter-web\/wp-json\/wp\/v2\/posts\/9836\/revisions\/9843"}],"wp:featuredmedia":[{"embeddable":true,"href":"https:\/\/www.buhl.de\/vermieter-web\/wp-json\/wp\/v2\/media\/9841"}],"wp:attachment":[{"href":"https:\/\/www.buhl.de\/vermieter-web\/wp-json\/wp\/v2\/media?parent=9836"}],"wp:term":[{"taxonomy":"category","embeddable":true,"href":"https:\/\/www.buhl.de\/vermieter-web\/wp-json\/wp\/v2\/categories?post=9836"},{"taxonomy":"post_tag","embeddable":true,"href":"https:\/\/www.buhl.de\/vermieter-web\/wp-json\/wp\/v2\/tags?post=9836"}],"curies":[{"name":"wp","href":"https:\/\/api.w.org\/{rel}","templated":true}]}}