{"id":9883,"date":"2019-10-22T10:00:02","date_gmt":"2019-10-22T08:00:02","guid":{"rendered":"http:\/\/www.buhl.de\/vermieter-web\/?p=9883"},"modified":"2019-10-22T10:01:37","modified_gmt":"2019-10-22T08:01:37","slug":"weg-was-die-versammlung-bei-verwalterbestellung-festlegen-muss","status":"publish","type":"post","link":"https:\/\/www.buhl.de\/vermieter-web\/weg-was-die-versammlung-bei-verwalterbestellung-festlegen-muss\/","title":{"rendered":"WEG: Was die Versammlung bei Verwalterbestellung festlegen muss"},"content":{"rendered":"<p><strong>Wird von einer Wohneigent\u00fcmer-Versammlung ein Verwalter bestellt, m\u00fcssen die Mindestanforderungen an den Vertrag in der Versammlung beschlossen werden. Hierzu geh\u00f6rt unter anderem auch die Festlegung der Vertragslaufzeit und der Verg\u00fctung des Verwalters. Dies stellte das Landgericht in einem Urteil vom 12.09.2019 klar (Aktenzeichen 29 S 72\/19).<\/strong><\/p>\n<p>In dem Verfahren ging es um einen Verwalter einer Wohneigentumsanlage, der zun\u00e4chst als Einzelkaufmann t\u00e4tig war, dann aber f\u00fcr die T\u00e4tigkeit eine GmbH &amp; Co KG gr\u00fcndete. Daraufhin beschloss die Eigent\u00fcmerversammlung, dass die Bestellung auf die Gesellschaft \u00fcbertragen werde. Dies erfolgte auf Grundlage des mit dem Verwalter als Einzelkaufmann ausgehandelten Vertrages. Nach Ablauf der Bestellung wurde die GmbH &amp; Co KG erneut als Verwalter auf Basis des Vertrages mit dem Einzelkaufmann bestellt. Hiermit war jedoch ein Mitglied der Wohneigent\u00fcmergemeinschaft nicht einverstanden, da seiner Meinung nach kein ordnungsgem\u00e4\u00dfer Vertrag mit der Gesellschaft geschlossen wurde.<\/p>\n<p>Das zust\u00e4ndige Amtsgericht sah das anders. Da man seinerzeit beschlossen habe, den Vertrag mit dem Einzelkaufmann nun mit der Gesellschaft fortzusetzen, sei dieser Vertrag auch weiterhin g\u00fcltig und k\u00f6nne auch f\u00fcr die neue Bestellung fortgef\u00fchrt werden. Diese Entscheidung akzeptierte der Kl\u00e4ger nicht und ging in Berufung vor das Landgericht K\u00f6ln.<\/p>\n<p><strong>Bestellung wurde vom Landgericht verworfen<\/strong><\/p>\n<p>Dort sah man die Sache anders und hob die Entscheidung des Amtsgerichts auf. Das Gericht erkl\u00e4rte die erneute Bestellung des Verwalters f\u00fcr unwirksam. Eine Bestellung sei nur dann wirksam, wenn sie der ordnungsgem\u00e4\u00dfen Verwaltung entspreche. Hierzu geh\u00f6re auch, dass die wesentlichen Fakten des Verwalter-Vertrages auch in der Versammlung geregelt werden. Hierzu geh\u00f6re auch die Festlegung der Laufzeit und der H\u00f6he des Honorars. In der WEG-Versammlung sei aber keine Verg\u00fctung festgelegt worden. Au\u00dferdem l\u00e4ge kein Vertrag mit der GmbH &amp; Co KG vor.<\/p>\n<p>Der Beschluss, den Vertrag, der mit dem Einzelkaufmann geschlossen wurde, zun\u00e4chst mit der GmbH &amp; Co KG fortzuf\u00fchren, gelte nur bis zum Ablauf der Bestellung. Bei einer neuen Bestellung m\u00fcsse ein entsprechender neuer Vertrag mit der GmbH &amp; Co KG geschlossen werden.<\/p>\n<p><em><strong>Das k\u00f6nnte Sie auch interessieren:<\/strong><\/em><\/p>\n<p><a href=\"\/vermieter-web\/klimatische-verstimmung-in-einer-weg\/\"><img loading=\"lazy\" decoding=\"async\" class=\" wp-image-9793 alignleft\" src=\"https:\/\/www.buhl.de\/vermieter-web\/wp-content\/uploads\/sites\/33\/2019\/09\/Verlinkung.jpg\" alt=\"\" width=\"90\" height=\"87\" \/>Klimatische Verstimmung in einer WEG<\/a><br \/>\n<a href=\"\/vermieter-web\/weg-wahl-des-verwalters-bei-mehreren-kandidaten\/\">WEG: Wahl des Verwalters bei mehreren Kandidaten<\/a><br \/>\n<a href=\"https:\/\/www.buhl.de\/vermieter-web\/weg-verpachtetes-gemeinschaftseigentum\/\">WEG: Verpachtetes Gemeinschaftseigentum<\/a><\/p>\n","protected":false},"excerpt":{"rendered":"<p>Wird von einer Wohneigent\u00fcmer-Versammlung ein Verwalter bestellt, m\u00fcssen die Mindestanforderungen an den Vertrag in der Versammlung beschlossen werden. Hierzu geh\u00f6rt unter anderem auch die Festlegung der Vertragslaufzeit und der Verg\u00fctung des Verwalters. Dies stellte das Landgericht in einem Urteil vom 12.09.2019 klar (Aktenzeichen 29 S 72\/19). In dem Verfahren ging es um einen Verwalter einer &hellip; <\/p>\n<p class=\"link-more\"><a href=\"https:\/\/www.buhl.de\/vermieter-web\/weg-was-die-versammlung-bei-verwalterbestellung-festlegen-muss\/\" class=\"more-link\"><span class=\"screen-reader-text\">\u201eWEG: Was die Versammlung bei Verwalterbestellung festlegen muss\u201c<\/span> weiterlesen<\/a><\/p>\n","protected":false},"author":15,"featured_media":9885,"comment_status":"open","ping_status":"open","sticky":false,"template":"","format":"standard","meta":{"footnotes":""},"categories":[1],"tags":[3300,3301,3299],"class_list":["post-9883","post","type-post","status-publish","format-standard","has-post-thumbnail","hentry","category-allgemein","tag-verwalter-bestellung","tag-verwalter-vertrag","tag-weg-verwalter"],"yoast_head":"<!-- This site is optimized with the Yoast SEO Premium plugin v27.4 (Yoast SEO v27.5) - https:\/\/yoast.com\/product\/yoast-seo-premium-wordpress\/ -->\n<title>Anforderungen an Bestellung eines WEG-Verwalter-Vetrages<\/title>\n<meta name=\"description\" content=\"In einer Wohneigent\u00fcmerversammlung m\u00fcssen die Eckpunkte eines Verwaltervertrages besprochen werden. Hier zugeh\u00f6ren unter anderem die Vertragslaufzeit und das Honorar f\u00fcr den Verwalter.\" \/>\n<meta name=\"robots\" content=\"noindex, nofollow\" \/>\n<meta property=\"og:locale\" content=\"de_DE\" \/>\n<meta property=\"og:type\" content=\"article\" \/>\n<meta property=\"og:title\" content=\"WEG: Was die Versammlung bei Verwalterbestellung festlegen muss\" \/>\n<meta property=\"og:description\" content=\"In einer Wohneigent\u00fcmerversammlung m\u00fcssen die Eckpunkte eines Verwaltervertrages besprochen werden. Hier zugeh\u00f6ren unter anderem die Vertragslaufzeit und das Honorar f\u00fcr den Verwalter.\" \/>\n<meta property=\"og:url\" content=\"https:\/\/www.buhl.de\/vermieter-web\/weg-was-die-versammlung-bei-verwalterbestellung-festlegen-muss\/\" \/>\n<meta property=\"og:site_name\" content=\"Online-Nebenkostenabrechnung mit WISO Vermieter-Web\" \/>\n<meta property=\"article:published_time\" content=\"2019-10-22T08:00:02+00:00\" \/>\n<meta property=\"article:modified_time\" content=\"2019-10-22T08:01:37+00:00\" \/>\n<meta property=\"og:image\" content=\"https:\/\/www.buhl.de\/vermieter-web\/wp-content\/uploads\/sites\/33\/2019\/10\/hammer.jpg\" \/>\n\t<meta property=\"og:image:width\" content=\"840\" \/>\n\t<meta property=\"og:image:height\" content=\"420\" \/>\n\t<meta property=\"og:image:type\" content=\"image\/jpeg\" \/>\n<meta name=\"author\" content=\"Hartmut Fischer\" \/>\n<meta name=\"twitter:card\" content=\"summary_large_image\" \/>\n<meta name=\"twitter:label1\" content=\"Verfasst von\" \/>\n\t<meta name=\"twitter:data1\" content=\"Hartmut Fischer\" \/>\n\t<meta name=\"twitter:label2\" content=\"Gesch\u00e4tzte Lesezeit\" \/>\n\t<meta name=\"twitter:data2\" content=\"2\u00a0Minuten\" \/>\n<script type=\"application\/ld+json\" class=\"yoast-schema-graph\">{\"@context\":\"https:\\\/\\\/schema.org\",\"@graph\":[{\"@type\":\"Article\",\"@id\":\"https:\\\/\\\/www.buhl.de\\\/vermieter-web\\\/weg-was-die-versammlung-bei-verwalterbestellung-festlegen-muss\\\/#article\",\"isPartOf\":{\"@id\":\"https:\\\/\\\/www.buhl.de\\\/vermieter-web\\\/weg-was-die-versammlung-bei-verwalterbestellung-festlegen-muss\\\/\"},\"author\":{\"name\":\"Hartmut Fischer\",\"@id\":\"https:\\\/\\\/www.buhl.de\\\/vermieter-web\\\/#\\\/schema\\\/person\\\/82903e1cb04eb553382702d503991b4f\"},\"headline\":\"WEG: Was die Versammlung bei Verwalterbestellung festlegen muss\",\"datePublished\":\"2019-10-22T08:00:02+00:00\",\"dateModified\":\"2019-10-22T08:01:37+00:00\",\"mainEntityOfPage\":{\"@id\":\"https:\\\/\\\/www.buhl.de\\\/vermieter-web\\\/weg-was-die-versammlung-bei-verwalterbestellung-festlegen-muss\\\/\"},\"wordCount\":375,\"commentCount\":0,\"image\":{\"@id\":\"https:\\\/\\\/www.buhl.de\\\/vermieter-web\\\/weg-was-die-versammlung-bei-verwalterbestellung-festlegen-muss\\\/#primaryimage\"},\"thumbnailUrl\":\"https:\\\/\\\/www.buhl.de\\\/vermieter-web\\\/wp-content\\\/uploads\\\/sites\\\/33\\\/2019\\\/10\\\/hammer.jpg\",\"keywords\":[\"Verwalter-Bestellung\",\"Verwalter-Vertrag\",\"WEG-Verwalter\"],\"inLanguage\":\"de\",\"potentialAction\":[{\"@type\":\"CommentAction\",\"name\":\"Comment\",\"target\":[\"https:\\\/\\\/www.buhl.de\\\/vermieter-web\\\/weg-was-die-versammlung-bei-verwalterbestellung-festlegen-muss\\\/#respond\"]}]},{\"@type\":\"WebPage\",\"@id\":\"https:\\\/\\\/www.buhl.de\\\/vermieter-web\\\/weg-was-die-versammlung-bei-verwalterbestellung-festlegen-muss\\\/\",\"url\":\"https:\\\/\\\/www.buhl.de\\\/vermieter-web\\\/weg-was-die-versammlung-bei-verwalterbestellung-festlegen-muss\\\/\",\"name\":\"Anforderungen an Bestellung eines WEG-Verwalter-Vetrages\",\"isPartOf\":{\"@id\":\"https:\\\/\\\/www.buhl.de\\\/vermieter-web\\\/#website\"},\"primaryImageOfPage\":{\"@id\":\"https:\\\/\\\/www.buhl.de\\\/vermieter-web\\\/weg-was-die-versammlung-bei-verwalterbestellung-festlegen-muss\\\/#primaryimage\"},\"image\":{\"@id\":\"https:\\\/\\\/www.buhl.de\\\/vermieter-web\\\/weg-was-die-versammlung-bei-verwalterbestellung-festlegen-muss\\\/#primaryimage\"},\"thumbnailUrl\":\"https:\\\/\\\/www.buhl.de\\\/vermieter-web\\\/wp-content\\\/uploads\\\/sites\\\/33\\\/2019\\\/10\\\/hammer.jpg\",\"datePublished\":\"2019-10-22T08:00:02+00:00\",\"dateModified\":\"2019-10-22T08:01:37+00:00\",\"author\":{\"@id\":\"https:\\\/\\\/www.buhl.de\\\/vermieter-web\\\/#\\\/schema\\\/person\\\/82903e1cb04eb553382702d503991b4f\"},\"description\":\"In einer Wohneigent\u00fcmerversammlung m\u00fcssen die Eckpunkte eines Verwaltervertrages besprochen werden. Hier zugeh\u00f6ren unter anderem die Vertragslaufzeit und das Honorar f\u00fcr den Verwalter.\",\"breadcrumb\":{\"@id\":\"https:\\\/\\\/www.buhl.de\\\/vermieter-web\\\/weg-was-die-versammlung-bei-verwalterbestellung-festlegen-muss\\\/#breadcrumb\"},\"inLanguage\":\"de\",\"potentialAction\":[{\"@type\":\"ReadAction\",\"target\":[\"https:\\\/\\\/www.buhl.de\\\/vermieter-web\\\/weg-was-die-versammlung-bei-verwalterbestellung-festlegen-muss\\\/\"]}]},{\"@type\":\"ImageObject\",\"inLanguage\":\"de\",\"@id\":\"https:\\\/\\\/www.buhl.de\\\/vermieter-web\\\/weg-was-die-versammlung-bei-verwalterbestellung-festlegen-muss\\\/#primaryimage\",\"url\":\"https:\\\/\\\/www.buhl.de\\\/vermieter-web\\\/wp-content\\\/uploads\\\/sites\\\/33\\\/2019\\\/10\\\/hammer.jpg\",\"contentUrl\":\"https:\\\/\\\/www.buhl.de\\\/vermieter-web\\\/wp-content\\\/uploads\\\/sites\\\/33\\\/2019\\\/10\\\/hammer.jpg\",\"width\":840,\"height\":420},{\"@type\":\"BreadcrumbList\",\"@id\":\"https:\\\/\\\/www.buhl.de\\\/vermieter-web\\\/weg-was-die-versammlung-bei-verwalterbestellung-festlegen-muss\\\/#breadcrumb\",\"itemListElement\":[{\"@type\":\"ListItem\",\"position\":1,\"name\":\"Startseite\",\"item\":\"https:\\\/\\\/www.buhl.de\\\/vermieter-web\\\/\"},{\"@type\":\"ListItem\",\"position\":2,\"name\":\"WEG: Was die Versammlung bei Verwalterbestellung festlegen muss\"}]},{\"@type\":\"WebSite\",\"@id\":\"https:\\\/\\\/www.buhl.de\\\/vermieter-web\\\/#website\",\"url\":\"https:\\\/\\\/www.buhl.de\\\/vermieter-web\\\/\",\"name\":\"Online-Nebenkostenabrechnung mit WISO Vermieter-Web\",\"description\":\"\",\"potentialAction\":[{\"@type\":\"SearchAction\",\"target\":{\"@type\":\"EntryPoint\",\"urlTemplate\":\"https:\\\/\\\/www.buhl.de\\\/vermieter-web\\\/?s={search_term_string}\"},\"query-input\":{\"@type\":\"PropertyValueSpecification\",\"valueRequired\":true,\"valueName\":\"search_term_string\"}}],\"inLanguage\":\"de\"},{\"@type\":\"Person\",\"@id\":\"https:\\\/\\\/www.buhl.de\\\/vermieter-web\\\/#\\\/schema\\\/person\\\/82903e1cb04eb553382702d503991b4f\",\"name\":\"Hartmut Fischer\"}]}<\/script>\n<!-- \/ Yoast SEO Premium plugin. -->","yoast_head_json":{"title":"Anforderungen an Bestellung eines WEG-Verwalter-Vetrages","description":"In einer Wohneigent\u00fcmerversammlung m\u00fcssen die Eckpunkte eines Verwaltervertrages besprochen werden. Hier zugeh\u00f6ren unter anderem die Vertragslaufzeit und das Honorar f\u00fcr den Verwalter.","robots":{"index":"noindex","follow":"nofollow"},"og_locale":"de_DE","og_type":"article","og_title":"WEG: Was die Versammlung bei Verwalterbestellung festlegen muss","og_description":"In einer Wohneigent\u00fcmerversammlung m\u00fcssen die Eckpunkte eines Verwaltervertrages besprochen werden. Hier zugeh\u00f6ren unter anderem die Vertragslaufzeit und das Honorar f\u00fcr den Verwalter.","og_url":"https:\/\/www.buhl.de\/vermieter-web\/weg-was-die-versammlung-bei-verwalterbestellung-festlegen-muss\/","og_site_name":"Online-Nebenkostenabrechnung mit WISO Vermieter-Web","article_published_time":"2019-10-22T08:00:02+00:00","article_modified_time":"2019-10-22T08:01:37+00:00","og_image":[{"width":840,"height":420,"url":"https:\/\/www.buhl.de\/vermieter-web\/wp-content\/uploads\/sites\/33\/2019\/10\/hammer.jpg","type":"image\/jpeg"}],"author":"Hartmut Fischer","twitter_card":"summary_large_image","twitter_misc":{"Verfasst von":"Hartmut Fischer","Gesch\u00e4tzte Lesezeit":"2\u00a0Minuten"},"schema":{"@context":"https:\/\/schema.org","@graph":[{"@type":"Article","@id":"https:\/\/www.buhl.de\/vermieter-web\/weg-was-die-versammlung-bei-verwalterbestellung-festlegen-muss\/#article","isPartOf":{"@id":"https:\/\/www.buhl.de\/vermieter-web\/weg-was-die-versammlung-bei-verwalterbestellung-festlegen-muss\/"},"author":{"name":"Hartmut Fischer","@id":"https:\/\/www.buhl.de\/vermieter-web\/#\/schema\/person\/82903e1cb04eb553382702d503991b4f"},"headline":"WEG: Was die Versammlung bei Verwalterbestellung festlegen muss","datePublished":"2019-10-22T08:00:02+00:00","dateModified":"2019-10-22T08:01:37+00:00","mainEntityOfPage":{"@id":"https:\/\/www.buhl.de\/vermieter-web\/weg-was-die-versammlung-bei-verwalterbestellung-festlegen-muss\/"},"wordCount":375,"commentCount":0,"image":{"@id":"https:\/\/www.buhl.de\/vermieter-web\/weg-was-die-versammlung-bei-verwalterbestellung-festlegen-muss\/#primaryimage"},"thumbnailUrl":"https:\/\/www.buhl.de\/vermieter-web\/wp-content\/uploads\/sites\/33\/2019\/10\/hammer.jpg","keywords":["Verwalter-Bestellung","Verwalter-Vertrag","WEG-Verwalter"],"inLanguage":"de","potentialAction":[{"@type":"CommentAction","name":"Comment","target":["https:\/\/www.buhl.de\/vermieter-web\/weg-was-die-versammlung-bei-verwalterbestellung-festlegen-muss\/#respond"]}]},{"@type":"WebPage","@id":"https:\/\/www.buhl.de\/vermieter-web\/weg-was-die-versammlung-bei-verwalterbestellung-festlegen-muss\/","url":"https:\/\/www.buhl.de\/vermieter-web\/weg-was-die-versammlung-bei-verwalterbestellung-festlegen-muss\/","name":"Anforderungen an Bestellung eines WEG-Verwalter-Vetrages","isPartOf":{"@id":"https:\/\/www.buhl.de\/vermieter-web\/#website"},"primaryImageOfPage":{"@id":"https:\/\/www.buhl.de\/vermieter-web\/weg-was-die-versammlung-bei-verwalterbestellung-festlegen-muss\/#primaryimage"},"image":{"@id":"https:\/\/www.buhl.de\/vermieter-web\/weg-was-die-versammlung-bei-verwalterbestellung-festlegen-muss\/#primaryimage"},"thumbnailUrl":"https:\/\/www.buhl.de\/vermieter-web\/wp-content\/uploads\/sites\/33\/2019\/10\/hammer.jpg","datePublished":"2019-10-22T08:00:02+00:00","dateModified":"2019-10-22T08:01:37+00:00","author":{"@id":"https:\/\/www.buhl.de\/vermieter-web\/#\/schema\/person\/82903e1cb04eb553382702d503991b4f"},"description":"In einer Wohneigent\u00fcmerversammlung m\u00fcssen die Eckpunkte eines Verwaltervertrages besprochen werden. Hier zugeh\u00f6ren unter anderem die Vertragslaufzeit und das Honorar f\u00fcr den Verwalter.","breadcrumb":{"@id":"https:\/\/www.buhl.de\/vermieter-web\/weg-was-die-versammlung-bei-verwalterbestellung-festlegen-muss\/#breadcrumb"},"inLanguage":"de","potentialAction":[{"@type":"ReadAction","target":["https:\/\/www.buhl.de\/vermieter-web\/weg-was-die-versammlung-bei-verwalterbestellung-festlegen-muss\/"]}]},{"@type":"ImageObject","inLanguage":"de","@id":"https:\/\/www.buhl.de\/vermieter-web\/weg-was-die-versammlung-bei-verwalterbestellung-festlegen-muss\/#primaryimage","url":"https:\/\/www.buhl.de\/vermieter-web\/wp-content\/uploads\/sites\/33\/2019\/10\/hammer.jpg","contentUrl":"https:\/\/www.buhl.de\/vermieter-web\/wp-content\/uploads\/sites\/33\/2019\/10\/hammer.jpg","width":840,"height":420},{"@type":"BreadcrumbList","@id":"https:\/\/www.buhl.de\/vermieter-web\/weg-was-die-versammlung-bei-verwalterbestellung-festlegen-muss\/#breadcrumb","itemListElement":[{"@type":"ListItem","position":1,"name":"Startseite","item":"https:\/\/www.buhl.de\/vermieter-web\/"},{"@type":"ListItem","position":2,"name":"WEG: Was die Versammlung bei Verwalterbestellung festlegen muss"}]},{"@type":"WebSite","@id":"https:\/\/www.buhl.de\/vermieter-web\/#website","url":"https:\/\/www.buhl.de\/vermieter-web\/","name":"Online-Nebenkostenabrechnung mit WISO Vermieter-Web","description":"","potentialAction":[{"@type":"SearchAction","target":{"@type":"EntryPoint","urlTemplate":"https:\/\/www.buhl.de\/vermieter-web\/?s={search_term_string}"},"query-input":{"@type":"PropertyValueSpecification","valueRequired":true,"valueName":"search_term_string"}}],"inLanguage":"de"},{"@type":"Person","@id":"https:\/\/www.buhl.de\/vermieter-web\/#\/schema\/person\/82903e1cb04eb553382702d503991b4f","name":"Hartmut Fischer"}]}},"_links":{"self":[{"href":"https:\/\/www.buhl.de\/vermieter-web\/wp-json\/wp\/v2\/posts\/9883","targetHints":{"allow":["GET"]}}],"collection":[{"href":"https:\/\/www.buhl.de\/vermieter-web\/wp-json\/wp\/v2\/posts"}],"about":[{"href":"https:\/\/www.buhl.de\/vermieter-web\/wp-json\/wp\/v2\/types\/post"}],"author":[{"embeddable":true,"href":"https:\/\/www.buhl.de\/vermieter-web\/wp-json\/wp\/v2\/users\/15"}],"replies":[{"embeddable":true,"href":"https:\/\/www.buhl.de\/vermieter-web\/wp-json\/wp\/v2\/comments?post=9883"}],"version-history":[{"count":3,"href":"https:\/\/www.buhl.de\/vermieter-web\/wp-json\/wp\/v2\/posts\/9883\/revisions"}],"predecessor-version":[{"id":9888,"href":"https:\/\/www.buhl.de\/vermieter-web\/wp-json\/wp\/v2\/posts\/9883\/revisions\/9888"}],"wp:featuredmedia":[{"embeddable":true,"href":"https:\/\/www.buhl.de\/vermieter-web\/wp-json\/wp\/v2\/media\/9885"}],"wp:attachment":[{"href":"https:\/\/www.buhl.de\/vermieter-web\/wp-json\/wp\/v2\/media?parent=9883"}],"wp:term":[{"taxonomy":"category","embeddable":true,"href":"https:\/\/www.buhl.de\/vermieter-web\/wp-json\/wp\/v2\/categories?post=9883"},{"taxonomy":"post_tag","embeddable":true,"href":"https:\/\/www.buhl.de\/vermieter-web\/wp-json\/wp\/v2\/tags?post=9883"}],"curies":[{"name":"wp","href":"https:\/\/api.w.org\/{rel}","templated":true}]}}