{"id":9933,"date":"2019-11-15T10:29:35","date_gmt":"2019-11-15T09:29:35","guid":{"rendered":"http:\/\/www.buhl.de\/vermieter-web\/?p=9933"},"modified":"2019-11-15T10:29:35","modified_gmt":"2019-11-15T09:29:35","slug":"praemie-fuer-kreditnehmer","status":"publish","type":"post","link":"https:\/\/www.buhl.de\/vermieter-web\/praemie-fuer-kreditnehmer\/","title":{"rendered":"Pr\u00e4mie f\u00fcr Kreditnehmer?"},"content":{"rendered":"<p><strong>Wer sich Geld leiht, muss daf\u00fcr Zinsen zahlen. So war es zumindest bisher. Doch nun scheint sich auch dies zu \u00e4ndern. Denn der Vorstandsvorsitzende der KFW-Bank, Dr. G\u00fcnther Br\u00e4unig, \u00e4u\u00dferte sich jetzt gegen\u00fcber den Medien, dass er zuk\u00fcnftig Kredite \u2013 zum Beispiel zur Baufinanzierung \u2013 nicht mehr ausschlie\u00dfe.<\/strong><\/p>\n<p><strong>Wie es zu \u201eNegativzinsen\u201c kommt<\/strong><\/p>\n<p>Im Rahmen ihrer Geldpolitik verlangt die Europ\u00e4ische Zentralbank (EZB) von den Banken f\u00fcr ihre Einlagen eine Art \u201eParkgeb\u00fchr\u201c von derzeit 0,5 %. Diese Kosten wurden bisher an zumindest an Bankkunden weitergegeben, die hohe Einlagen bei den Kreditinstituten haben. Um den \u201ekleinen Mann\u201c vor dieser Geb\u00fchr zu sch\u00fctzen, wird derzeit gepr\u00fcft, ob man gesetzlich verbieten soll, dass Verm\u00f6gen bis zu einer gewissen Grenze mit solchen Geb\u00fchren belegt werden.<\/p>\n<p>Der Weg, bei Krediten Negativzinsen einzuf\u00fchren, geht in die umgekehrte Richtung. F\u00fcr die Bank ist es \u2013 vereinfacht gesehen \u2013 derzeit letztlich gleichg\u00fcltig, ob sie ihr Geld gegen Geb\u00fchren bei der EZB parkt oder dem Kreditnehmer einen entsprechenden \u201eRabatt\u201c einzur\u00e4umen.<\/p>\n<p><strong>KfW-Bank \u00fcbernimmt Vorreiterrolle<\/strong><\/p>\n<p>Die staatliche F\u00f6rderbank KfW ist nun mit ihren Vorstellungen an die \u00d6ffentlichkeit gegangen. Es ist danach durchaus m\u00f6glich, dass die Bank beispielsweise f\u00fcr \u00f6kologische Immobiliensanierungen Kredite anbietet, bei denen der Kreditnehmer durch Negativzinsen \u201ebelohnt\u201c wird. Von Seite der KfW-Bank wird dies bereits f\u00fcr 2020 in Aussicht gestellt.<\/p>\n<p><strong>Geteiltes Echo<\/strong><\/p>\n<p>W\u00e4hrend die Kreditnehmer den \u201eBonuszins\u201c begr\u00fc\u00dfen, reagieren die Banken eher skeptisch. Sie bef\u00fcrchten ernsthafte Konsequenzen f\u00fcr die Finanzwirtschaft in Deutschland. Letztlich ist es f\u00fcr die Banken der Sinn eines Kredites damit Geld zu verdienen. Da bereits jetzt f\u00fcr Spareinlagen so gut wie keine Zinsen oder sogar \u201eStrafgeb\u00fchren\u201c berechnet werden, w\u00fcrde sich das Finanzwesen grundlegend ver\u00e4ndern. Die Folgen dieses Umkehrungsprozesses sind derzeit noch gar nicht absehbar.<\/p>\n<p><strong>IT bremst Geldgeschenk<\/strong><\/p>\n<p>Auf das \u201eGeschenk\u201c bei einer Kreditaufnahme wird man jedoch noch etwas warten m\u00fcssen. Der Grund hierf\u00fcr ist banal: Weder bei der KfW-Bank noch bei den Banken, \u00fcber die die privaten Kreditnehmer ihre KfW-Darlehen abwickeln m\u00fcssen, verf\u00fcgen \u00fcber eine EDV, mit der Negativzinsen verarbeitet werden k\u00f6nnen. Die Programme f\u00fcr die Kreditvergabe m\u00fcssen deshalb erst einmal angepasst werden. Dies wird noch einige Zeit in Anspruch nehmen.<\/p>\n<p>Von Seiten der KfW-Bank wurde jedoch schon angek\u00fcndigt, dass man in der \u00dcbergangszeit die Kredite an die Hausbanken der Darlehensnehmer f\u00fcr 0 % Zinsen vergeben will und die Kreditnehmer mit einem Zuschuss f\u00fcr die Geldaufnahme belohnen will.<\/p>\n<p><em><strong><img loading=\"lazy\" decoding=\"async\" class=\" wp-image-9793 alignleft\" src=\"https:\/\/www.buhl.de\/vermieter-web\/wp-content\/uploads\/sites\/33\/2019\/09\/Verlinkung.jpg\" alt=\"\" width=\"90\" height=\"87\" \/>Das k\u00f6nnte Sie auch interessieren:<br \/>\n<\/strong><\/em><a href=\"\/vermieter-web\/strassenbaufinanzierung-keine-reine-anlieger-sache\/\">Stra\u00dfenbaufinanzierung keine reine Anlieger-Sache<\/a><br \/>\n<a href=\"\/vermieter-web\/kontogebuehr-fuer-kredit-anwartschaft\/\">Kontogeb\u00fchr f\u00fcr Kredit-Anwartschaft?<\/a><br \/>\n<a href=\"\/vermieter-web\/keine-gebuehren-bei-einvernehmlicher-darlehensrueckzahlung\/\">Keine Geb\u00fchren bei einvernehmlicher Darlehensr\u00fcckzahlung<\/a><\/p>\n<p>&nbsp;<\/p>\n","protected":false},"excerpt":{"rendered":"<p>Wer sich Geld leiht, muss daf\u00fcr Zinsen zahlen. So war es zumindest bisher. Doch nun scheint sich auch dies zu \u00e4ndern. Denn der Vorstandsvorsitzende der KFW-Bank, Dr. G\u00fcnther Br\u00e4unig, \u00e4u\u00dferte sich jetzt gegen\u00fcber den Medien, dass er zuk\u00fcnftig Kredite \u2013 zum Beispiel zur Baufinanzierung \u2013 nicht mehr ausschlie\u00dfe. Wie es zu \u201eNegativzinsen\u201c kommt Im Rahmen &hellip; <\/p>\n<p class=\"link-more\"><a href=\"https:\/\/www.buhl.de\/vermieter-web\/praemie-fuer-kreditnehmer\/\" class=\"more-link\"><span class=\"screen-reader-text\">\u201ePr\u00e4mie f\u00fcr Kreditnehmer?\u201c<\/span> weiterlesen<\/a><\/p>\n","protected":false},"author":15,"featured_media":9935,"comment_status":"open","ping_status":"open","sticky":false,"template":"","format":"standard","meta":{"footnotes":""},"categories":[1],"tags":[3467,3465,3466,3468],"class_list":["post-9933","post","type-post","status-publish","format-standard","has-post-thumbnail","hentry","category-allgemein","tag-darlehen","tag-kfw-bank","tag-kredit","tag-minuszinsen"],"yoast_head":"<!-- This site is optimized with the Yoast SEO Premium plugin v27.4 (Yoast SEO v27.5) - https:\/\/yoast.com\/product\/yoast-seo-premium-wordpress\/ -->\n<title>KfW-Bank plant Kreditvergabe gegen Minuszinsen<\/title>\n<meta name=\"description\" content=\"Die KfW-Bank hat angek\u00fcndigt, dass sie wahrscheinlich schon im n\u00e4chsten Jahr Kredite zur Immobilienfinanzierung mit Minuszinsen vergeben will. Der Kreditgeber w\u00fcrde dann weniger zur\u00fcckzahlen, als er geliehen hat.\" \/>\n<meta name=\"robots\" content=\"noindex, nofollow\" \/>\n<meta property=\"og:locale\" content=\"de_DE\" \/>\n<meta property=\"og:type\" content=\"article\" \/>\n<meta property=\"og:title\" content=\"Pr\u00e4mie f\u00fcr Kreditnehmer?\" \/>\n<meta property=\"og:description\" content=\"Die KfW-Bank hat angek\u00fcndigt, dass sie wahrscheinlich schon im n\u00e4chsten Jahr Kredite zur Immobilienfinanzierung mit Minuszinsen vergeben will. Der Kreditgeber w\u00fcrde dann weniger zur\u00fcckzahlen, als er geliehen hat.\" \/>\n<meta property=\"og:url\" content=\"https:\/\/www.buhl.de\/vermieter-web\/praemie-fuer-kreditnehmer\/\" \/>\n<meta property=\"og:site_name\" content=\"Online-Nebenkostenabrechnung mit WISO Vermieter-Web\" \/>\n<meta property=\"article:published_time\" content=\"2019-11-15T09:29:35+00:00\" \/>\n<meta property=\"og:image\" content=\"https:\/\/www.buhl.de\/vermieter-web\/wp-content\/uploads\/sites\/33\/2019\/11\/703848559.jpg\" \/>\n\t<meta property=\"og:image:width\" content=\"840\" \/>\n\t<meta property=\"og:image:height\" content=\"420\" \/>\n\t<meta property=\"og:image:type\" content=\"image\/jpeg\" \/>\n<meta name=\"author\" content=\"Hartmut Fischer\" \/>\n<meta name=\"twitter:card\" content=\"summary_large_image\" \/>\n<meta name=\"twitter:label1\" content=\"Verfasst von\" \/>\n\t<meta name=\"twitter:data1\" content=\"Hartmut Fischer\" \/>\n\t<meta name=\"twitter:label2\" content=\"Gesch\u00e4tzte Lesezeit\" \/>\n\t<meta name=\"twitter:data2\" content=\"2\u00a0Minuten\" \/>\n<script type=\"application\/ld+json\" class=\"yoast-schema-graph\">{\"@context\":\"https:\\\/\\\/schema.org\",\"@graph\":[{\"@type\":\"Article\",\"@id\":\"https:\\\/\\\/www.buhl.de\\\/vermieter-web\\\/praemie-fuer-kreditnehmer\\\/#article\",\"isPartOf\":{\"@id\":\"https:\\\/\\\/www.buhl.de\\\/vermieter-web\\\/praemie-fuer-kreditnehmer\\\/\"},\"author\":{\"name\":\"Hartmut Fischer\",\"@id\":\"https:\\\/\\\/www.buhl.de\\\/vermieter-web\\\/#\\\/schema\\\/person\\\/82903e1cb04eb553382702d503991b4f\"},\"headline\":\"Pr\u00e4mie f\u00fcr Kreditnehmer?\",\"datePublished\":\"2019-11-15T09:29:35+00:00\",\"mainEntityOfPage\":{\"@id\":\"https:\\\/\\\/www.buhl.de\\\/vermieter-web\\\/praemie-fuer-kreditnehmer\\\/\"},\"wordCount\":444,\"commentCount\":0,\"image\":{\"@id\":\"https:\\\/\\\/www.buhl.de\\\/vermieter-web\\\/praemie-fuer-kreditnehmer\\\/#primaryimage\"},\"thumbnailUrl\":\"https:\\\/\\\/www.buhl.de\\\/vermieter-web\\\/wp-content\\\/uploads\\\/sites\\\/33\\\/2019\\\/11\\\/703848559.jpg\",\"keywords\":[\"Darlehen\",\"KfW-Bank\",\"Kredit\",\"Minuszinsen\"],\"inLanguage\":\"de\",\"potentialAction\":[{\"@type\":\"CommentAction\",\"name\":\"Comment\",\"target\":[\"https:\\\/\\\/www.buhl.de\\\/vermieter-web\\\/praemie-fuer-kreditnehmer\\\/#respond\"]}]},{\"@type\":\"WebPage\",\"@id\":\"https:\\\/\\\/www.buhl.de\\\/vermieter-web\\\/praemie-fuer-kreditnehmer\\\/\",\"url\":\"https:\\\/\\\/www.buhl.de\\\/vermieter-web\\\/praemie-fuer-kreditnehmer\\\/\",\"name\":\"KfW-Bank plant Kreditvergabe gegen Minuszinsen\",\"isPartOf\":{\"@id\":\"https:\\\/\\\/www.buhl.de\\\/vermieter-web\\\/#website\"},\"primaryImageOfPage\":{\"@id\":\"https:\\\/\\\/www.buhl.de\\\/vermieter-web\\\/praemie-fuer-kreditnehmer\\\/#primaryimage\"},\"image\":{\"@id\":\"https:\\\/\\\/www.buhl.de\\\/vermieter-web\\\/praemie-fuer-kreditnehmer\\\/#primaryimage\"},\"thumbnailUrl\":\"https:\\\/\\\/www.buhl.de\\\/vermieter-web\\\/wp-content\\\/uploads\\\/sites\\\/33\\\/2019\\\/11\\\/703848559.jpg\",\"datePublished\":\"2019-11-15T09:29:35+00:00\",\"author\":{\"@id\":\"https:\\\/\\\/www.buhl.de\\\/vermieter-web\\\/#\\\/schema\\\/person\\\/82903e1cb04eb553382702d503991b4f\"},\"description\":\"Die KfW-Bank hat angek\u00fcndigt, dass sie wahrscheinlich schon im n\u00e4chsten Jahr Kredite zur Immobilienfinanzierung mit Minuszinsen vergeben will. Der Kreditgeber w\u00fcrde dann weniger zur\u00fcckzahlen, als er geliehen hat.\",\"breadcrumb\":{\"@id\":\"https:\\\/\\\/www.buhl.de\\\/vermieter-web\\\/praemie-fuer-kreditnehmer\\\/#breadcrumb\"},\"inLanguage\":\"de\",\"potentialAction\":[{\"@type\":\"ReadAction\",\"target\":[\"https:\\\/\\\/www.buhl.de\\\/vermieter-web\\\/praemie-fuer-kreditnehmer\\\/\"]}]},{\"@type\":\"ImageObject\",\"inLanguage\":\"de\",\"@id\":\"https:\\\/\\\/www.buhl.de\\\/vermieter-web\\\/praemie-fuer-kreditnehmer\\\/#primaryimage\",\"url\":\"https:\\\/\\\/www.buhl.de\\\/vermieter-web\\\/wp-content\\\/uploads\\\/sites\\\/33\\\/2019\\\/11\\\/703848559.jpg\",\"contentUrl\":\"https:\\\/\\\/www.buhl.de\\\/vermieter-web\\\/wp-content\\\/uploads\\\/sites\\\/33\\\/2019\\\/11\\\/703848559.jpg\",\"width\":840,\"height\":420,\"caption\":\"KfW-Bank plant Darlehensvergabe gegen Negativzinsen\"},{\"@type\":\"BreadcrumbList\",\"@id\":\"https:\\\/\\\/www.buhl.de\\\/vermieter-web\\\/praemie-fuer-kreditnehmer\\\/#breadcrumb\",\"itemListElement\":[{\"@type\":\"ListItem\",\"position\":1,\"name\":\"Startseite\",\"item\":\"https:\\\/\\\/www.buhl.de\\\/vermieter-web\\\/\"},{\"@type\":\"ListItem\",\"position\":2,\"name\":\"Pr\u00e4mie f\u00fcr Kreditnehmer?\"}]},{\"@type\":\"WebSite\",\"@id\":\"https:\\\/\\\/www.buhl.de\\\/vermieter-web\\\/#website\",\"url\":\"https:\\\/\\\/www.buhl.de\\\/vermieter-web\\\/\",\"name\":\"Online-Nebenkostenabrechnung mit WISO Vermieter-Web\",\"description\":\"\",\"potentialAction\":[{\"@type\":\"SearchAction\",\"target\":{\"@type\":\"EntryPoint\",\"urlTemplate\":\"https:\\\/\\\/www.buhl.de\\\/vermieter-web\\\/?s={search_term_string}\"},\"query-input\":{\"@type\":\"PropertyValueSpecification\",\"valueRequired\":true,\"valueName\":\"search_term_string\"}}],\"inLanguage\":\"de\"},{\"@type\":\"Person\",\"@id\":\"https:\\\/\\\/www.buhl.de\\\/vermieter-web\\\/#\\\/schema\\\/person\\\/82903e1cb04eb553382702d503991b4f\",\"name\":\"Hartmut Fischer\"}]}<\/script>\n<!-- \/ Yoast SEO Premium plugin. -->","yoast_head_json":{"title":"KfW-Bank plant Kreditvergabe gegen Minuszinsen","description":"Die KfW-Bank hat angek\u00fcndigt, dass sie wahrscheinlich schon im n\u00e4chsten Jahr Kredite zur Immobilienfinanzierung mit Minuszinsen vergeben will. Der Kreditgeber w\u00fcrde dann weniger zur\u00fcckzahlen, als er geliehen hat.","robots":{"index":"noindex","follow":"nofollow"},"og_locale":"de_DE","og_type":"article","og_title":"Pr\u00e4mie f\u00fcr Kreditnehmer?","og_description":"Die KfW-Bank hat angek\u00fcndigt, dass sie wahrscheinlich schon im n\u00e4chsten Jahr Kredite zur Immobilienfinanzierung mit Minuszinsen vergeben will. Der Kreditgeber w\u00fcrde dann weniger zur\u00fcckzahlen, als er geliehen hat.","og_url":"https:\/\/www.buhl.de\/vermieter-web\/praemie-fuer-kreditnehmer\/","og_site_name":"Online-Nebenkostenabrechnung mit WISO Vermieter-Web","article_published_time":"2019-11-15T09:29:35+00:00","og_image":[{"width":840,"height":420,"url":"https:\/\/www.buhl.de\/vermieter-web\/wp-content\/uploads\/sites\/33\/2019\/11\/703848559.jpg","type":"image\/jpeg"}],"author":"Hartmut Fischer","twitter_card":"summary_large_image","twitter_misc":{"Verfasst von":"Hartmut Fischer","Gesch\u00e4tzte Lesezeit":"2\u00a0Minuten"},"schema":{"@context":"https:\/\/schema.org","@graph":[{"@type":"Article","@id":"https:\/\/www.buhl.de\/vermieter-web\/praemie-fuer-kreditnehmer\/#article","isPartOf":{"@id":"https:\/\/www.buhl.de\/vermieter-web\/praemie-fuer-kreditnehmer\/"},"author":{"name":"Hartmut Fischer","@id":"https:\/\/www.buhl.de\/vermieter-web\/#\/schema\/person\/82903e1cb04eb553382702d503991b4f"},"headline":"Pr\u00e4mie f\u00fcr Kreditnehmer?","datePublished":"2019-11-15T09:29:35+00:00","mainEntityOfPage":{"@id":"https:\/\/www.buhl.de\/vermieter-web\/praemie-fuer-kreditnehmer\/"},"wordCount":444,"commentCount":0,"image":{"@id":"https:\/\/www.buhl.de\/vermieter-web\/praemie-fuer-kreditnehmer\/#primaryimage"},"thumbnailUrl":"https:\/\/www.buhl.de\/vermieter-web\/wp-content\/uploads\/sites\/33\/2019\/11\/703848559.jpg","keywords":["Darlehen","KfW-Bank","Kredit","Minuszinsen"],"inLanguage":"de","potentialAction":[{"@type":"CommentAction","name":"Comment","target":["https:\/\/www.buhl.de\/vermieter-web\/praemie-fuer-kreditnehmer\/#respond"]}]},{"@type":"WebPage","@id":"https:\/\/www.buhl.de\/vermieter-web\/praemie-fuer-kreditnehmer\/","url":"https:\/\/www.buhl.de\/vermieter-web\/praemie-fuer-kreditnehmer\/","name":"KfW-Bank plant Kreditvergabe gegen Minuszinsen","isPartOf":{"@id":"https:\/\/www.buhl.de\/vermieter-web\/#website"},"primaryImageOfPage":{"@id":"https:\/\/www.buhl.de\/vermieter-web\/praemie-fuer-kreditnehmer\/#primaryimage"},"image":{"@id":"https:\/\/www.buhl.de\/vermieter-web\/praemie-fuer-kreditnehmer\/#primaryimage"},"thumbnailUrl":"https:\/\/www.buhl.de\/vermieter-web\/wp-content\/uploads\/sites\/33\/2019\/11\/703848559.jpg","datePublished":"2019-11-15T09:29:35+00:00","author":{"@id":"https:\/\/www.buhl.de\/vermieter-web\/#\/schema\/person\/82903e1cb04eb553382702d503991b4f"},"description":"Die KfW-Bank hat angek\u00fcndigt, dass sie wahrscheinlich schon im n\u00e4chsten Jahr Kredite zur Immobilienfinanzierung mit Minuszinsen vergeben will. Der Kreditgeber w\u00fcrde dann weniger zur\u00fcckzahlen, als er geliehen hat.","breadcrumb":{"@id":"https:\/\/www.buhl.de\/vermieter-web\/praemie-fuer-kreditnehmer\/#breadcrumb"},"inLanguage":"de","potentialAction":[{"@type":"ReadAction","target":["https:\/\/www.buhl.de\/vermieter-web\/praemie-fuer-kreditnehmer\/"]}]},{"@type":"ImageObject","inLanguage":"de","@id":"https:\/\/www.buhl.de\/vermieter-web\/praemie-fuer-kreditnehmer\/#primaryimage","url":"https:\/\/www.buhl.de\/vermieter-web\/wp-content\/uploads\/sites\/33\/2019\/11\/703848559.jpg","contentUrl":"https:\/\/www.buhl.de\/vermieter-web\/wp-content\/uploads\/sites\/33\/2019\/11\/703848559.jpg","width":840,"height":420,"caption":"KfW-Bank plant Darlehensvergabe gegen Negativzinsen"},{"@type":"BreadcrumbList","@id":"https:\/\/www.buhl.de\/vermieter-web\/praemie-fuer-kreditnehmer\/#breadcrumb","itemListElement":[{"@type":"ListItem","position":1,"name":"Startseite","item":"https:\/\/www.buhl.de\/vermieter-web\/"},{"@type":"ListItem","position":2,"name":"Pr\u00e4mie f\u00fcr Kreditnehmer?"}]},{"@type":"WebSite","@id":"https:\/\/www.buhl.de\/vermieter-web\/#website","url":"https:\/\/www.buhl.de\/vermieter-web\/","name":"Online-Nebenkostenabrechnung mit WISO Vermieter-Web","description":"","potentialAction":[{"@type":"SearchAction","target":{"@type":"EntryPoint","urlTemplate":"https:\/\/www.buhl.de\/vermieter-web\/?s={search_term_string}"},"query-input":{"@type":"PropertyValueSpecification","valueRequired":true,"valueName":"search_term_string"}}],"inLanguage":"de"},{"@type":"Person","@id":"https:\/\/www.buhl.de\/vermieter-web\/#\/schema\/person\/82903e1cb04eb553382702d503991b4f","name":"Hartmut Fischer"}]}},"_links":{"self":[{"href":"https:\/\/www.buhl.de\/vermieter-web\/wp-json\/wp\/v2\/posts\/9933","targetHints":{"allow":["GET"]}}],"collection":[{"href":"https:\/\/www.buhl.de\/vermieter-web\/wp-json\/wp\/v2\/posts"}],"about":[{"href":"https:\/\/www.buhl.de\/vermieter-web\/wp-json\/wp\/v2\/types\/post"}],"author":[{"embeddable":true,"href":"https:\/\/www.buhl.de\/vermieter-web\/wp-json\/wp\/v2\/users\/15"}],"replies":[{"embeddable":true,"href":"https:\/\/www.buhl.de\/vermieter-web\/wp-json\/wp\/v2\/comments?post=9933"}],"version-history":[{"count":1,"href":"https:\/\/www.buhl.de\/vermieter-web\/wp-json\/wp\/v2\/posts\/9933\/revisions"}],"predecessor-version":[{"id":9936,"href":"https:\/\/www.buhl.de\/vermieter-web\/wp-json\/wp\/v2\/posts\/9933\/revisions\/9936"}],"wp:featuredmedia":[{"embeddable":true,"href":"https:\/\/www.buhl.de\/vermieter-web\/wp-json\/wp\/v2\/media\/9935"}],"wp:attachment":[{"href":"https:\/\/www.buhl.de\/vermieter-web\/wp-json\/wp\/v2\/media?parent=9933"}],"wp:term":[{"taxonomy":"category","embeddable":true,"href":"https:\/\/www.buhl.de\/vermieter-web\/wp-json\/wp\/v2\/categories?post=9933"},{"taxonomy":"post_tag","embeddable":true,"href":"https:\/\/www.buhl.de\/vermieter-web\/wp-json\/wp\/v2\/tags?post=9933"}],"curies":[{"name":"wp","href":"https:\/\/api.w.org\/{rel}","templated":true}]}}