{"id":9952,"date":"2019-11-22T10:20:10","date_gmt":"2019-11-22T09:20:10","guid":{"rendered":"http:\/\/www.buhl.de\/vermieter-web\/?p=9952"},"modified":"2019-11-22T10:20:10","modified_gmt":"2019-11-22T09:20:10","slug":"anforderungen-an-eine-eigenbedarfskuendigung","status":"publish","type":"post","link":"https:\/\/www.buhl.de\/vermieter-web\/anforderungen-an-eine-eigenbedarfskuendigung\/","title":{"rendered":"Anforderungen an eine Eigenbedarfsk\u00fcndigung"},"content":{"rendered":"<p><strong>Verwendet der Vermieter (hier ein Ehepaar) zur Begr\u00fcndung einer Eigenbedarfsk\u00fcndigung nach \u00a7 573 Abs. 2 Nr. 2 BGB die Formulierung \u201ePrivatnutzung durch famili\u00e4re Ver\u00e4nderung (Trennung)\u201c, reicht dies als Begr\u00fcndung nicht aus. Aus dem K\u00fcndigungsschreiben muss eindeutig hervorgehen, welcher der beiden Vermieter in die Wohnung einziehen werde. Zu diesem Ergebnis kam das Amtsgericht Leonberg in einem Urteil vom 16.05.2019 (Aktenzeichen 8 C 34\/19).<\/strong><\/p>\n<p>Das Verfahren hatte ein Vermieter ausgel\u00f6st, gegen dessen Eigenbedarfsk\u00fcndigung der Mieter widersprochen hatte. Bei dem Vermieter handelte es sich um ein Ehepaar, das sich getrennt hatte. In die gek\u00fcndigte Wohnung sollte einer der beiden Vermieter einziehen., Deshalb hatte man im K\u00fcndigungsschreiben als Grund \u201ePrivatnutzung durch famili\u00e4re Ver\u00e4nderung (Trennung)\u201c angegeben. Diese Begr\u00fcndung reichte dem Mieter nicht aus. Er monierte, dass aus dem Schreiben nicht hervorginge, f\u00fcr wen der beiden Vermieter die Wohnung gebraucht w\u00fcrde. Au\u00dferdem fehlte ihm die Begr\u00fcndung der Eigenbedarfsk\u00fcndigung. Der Hinweis auf die Trennung reichte ihm nicht aus. Der Vermieter wollte diese ablehnenden Gr\u00fcnde nicht gelten lassen und klagte vor dem Amtsgericht Leonberg.<\/p>\n<p><strong>Gericht lehnt Eigenbedarfsk\u00fcndigung ab<\/strong><\/p>\n<p>Der Richter beim Amtsgericht entschied jedoch gegen den Vermieter. Das Gericht erkl\u00e4rte die Eigenbedarfsk\u00fcndigung f\u00fcr unwirksam und stellte fest, dass der Vermieter keinen Anspruch auf R\u00e4umung und Herausgabe der Wohnung habe.<\/p>\n<p><strong>Genaue Angabe der Person ist n\u00f6tig<\/strong><\/p>\n<p>In der Begr\u00fcndung stellte das Gericht klar, dass bei einer K\u00fcndigung wegen Eigenbedarf die Person angegeben werden m\u00fcsse, f\u00fcr die die Wohnung ben\u00f6tigt wird. Au\u00dferdem m\u00fcsse der Vermieter in der K\u00fcndigung erkl\u00e4ren, warum die Person an dem Einzug in die Wohnung interessiert sei. Die vom Vermieter in seinem Schreiben gemachten Angaben reichten hierf\u00fcr nicht aus.<\/p>\n<p>Die Angaben im K\u00fcndigungsschreiben seien nicht pr\u00e4zise genug. Aus der Formulierung ergebe sich nicht eindeutig, welcher der Vermieter in die Wohnung einziehen wolle. Der Hinweis auf eine private Nutzung der gek\u00fcndigten Wohnung reiche nicht aus. Au\u00dferdem ginge aus dem Schreiben nicht hervor, wer von den beiden Vermietern in die Wohnung einziehen wolle.<\/p>\n<hr \/>\n<p><strong> <img loading=\"lazy\" decoding=\"async\" class=\" wp-image-9785 alignleft\" src=\"https:\/\/www.buhl.de\/vermieter-web\/wp-content\/uploads\/sites\/33\/2019\/09\/\u00a7.jpg\" alt=\"\" width=\"90\" height=\"87\" \/>573 BGB:\u00a0Ordentliche K\u00fcndigung des Vermieters<\/strong><\/p>\n<p>(1) Der Vermieter kann nur k\u00fcndigen, wenn er ein berechtigtes Interesse an der Beendigung des Mietverh\u00e4ltnisses hat. Die K\u00fcndigung zum Zwecke der Mieterh\u00f6hung ist ausgeschlossen.<\/p>\n<p>(2) Ein berechtigtes Interesse des Vermieters an der Beendigung des Mietverh\u00e4ltnisses liegt insbesondere vor, wenn<\/p>\n<ol>\n<li><span style=\"font-size: 1rem\">der Mieter seine vertraglichen Pflichten schuldhaft nicht unerheblich verletzt hat,<\/span><\/li>\n<li>der Vermieter die R\u00e4ume als Wohnung f\u00fcr sich, seine Familienangeh\u00f6rigen oder Angeh\u00f6rige seines Haushalts ben\u00f6tigt oder<\/li>\n<li>der Vermieter durch die Fortsetzung des Mietverh\u00e4ltnisses an einer angemessenen wirtschaftlichen Verwertung des Grundst\u00fccks gehindert und dadurch erhebliche Nachteile erleiden w\u00fcrde; die M\u00f6glichkeit, durch eine anderweitige Vermietung als Wohnraum eine h\u00f6here Miete zu erzielen, bleibt au\u00dfer Betracht; der Vermieter kann sich auch nicht darauf berufen, dass er die Mietr\u00e4ume im Zusammenhang mit einer beabsichtigten oder nach \u00dcberlassung an den Mieter erfolgten Begr\u00fcndung von Wohnungseigentum ver\u00e4u\u00dfern will.<\/li>\n<\/ol>\n<p>(3) Die Gr\u00fcnde f\u00fcr ein berechtigtes Interesse des Vermieters sind in dem K\u00fcndigungsschreiben anzugeben. Andere Gr\u00fcnde werden nur ber\u00fccksichtigt, soweit sie nachtr\u00e4glich entstanden sind.<\/p>\n<p>(4) Eine zum Nachteil des Mieters abweichende Vereinbarung ist unwirksam.<\/p>\n<hr \/>\n<p><em><strong>Das k\u00f6nnte Sie auch interessieren:<br \/>\n<\/strong><\/em><a href=\"\/vermieter-web\/9670-2\/\">Wenn Eigenbedarfsgr\u00fcnde wegfallen<\/a><br \/>\n<a href=\"\/vermieter-web\/gerichte-muessen-eigenbedarfskuendigungen-individuell-pruefen\/\">Gerichte m\u00fcssen Eigenbedarfsk\u00fcndigungen individuell pr\u00fcfen<\/a><br \/>\n<a href=\"\/vermieter-web\/eigenbedarfskuendigung-bei-betagten-mietern\/\">Eigenbedarfsk\u00fcndigung bei betagten Mietern<\/a><em><strong><br \/>\n<\/strong><\/em><\/p>\n<p>&nbsp;<\/p>\n<p>&nbsp;<\/p>\n<p>&nbsp;<\/p>\n","protected":false},"excerpt":{"rendered":"<p>Verwendet der Vermieter (hier ein Ehepaar) zur Begr\u00fcndung einer Eigenbedarfsk\u00fcndigung nach \u00a7 573 Abs. 2 Nr. 2 BGB die Formulierung \u201ePrivatnutzung durch famili\u00e4re Ver\u00e4nderung (Trennung)\u201c, reicht dies als Begr\u00fcndung nicht aus. Aus dem K\u00fcndigungsschreiben muss eindeutig hervorgehen, welcher der beiden Vermieter in die Wohnung einziehen werde. Zu diesem Ergebnis kam das Amtsgericht Leonberg in einem &hellip; <\/p>\n<p class=\"link-more\"><a href=\"https:\/\/www.buhl.de\/vermieter-web\/anforderungen-an-eine-eigenbedarfskuendigung\/\" class=\"more-link\"><span class=\"screen-reader-text\">\u201eAnforderungen an eine Eigenbedarfsk\u00fcndigung\u201c<\/span> weiterlesen<\/a><\/p>\n","protected":false},"author":15,"featured_media":9954,"comment_status":"open","ping_status":"open","sticky":false,"template":"","format":"standard","meta":{"footnotes":""},"categories":[1],"tags":[431],"class_list":["post-9952","post","type-post","status-publish","format-standard","has-post-thumbnail","hentry","category-allgemein","tag-eigenbedarfskuendigung"],"yoast_head":"<!-- This site is optimized with the Yoast SEO Premium plugin v27.4 (Yoast SEO v27.5) - https:\/\/yoast.com\/product\/yoast-seo-premium-wordpress\/ -->\n<title>Eigenbedarfsk\u00fcndigung: Angaben \u00fcber den neuen Wohnungsnutzer<\/title>\n<meta name=\"description\" content=\"Wird in einer Eigenbedarfsk\u00fcndigung als Grund lediglich \u201ePrivatnutzung durch famili\u00e4re Ver\u00e4nderung (Trennung)\u201c, reicht dies als Begr\u00fcndung nicht aus. Es muss angegeben werden, wer der Partner in die Wohnung einziehen will.\" \/>\n<meta name=\"robots\" content=\"noindex, nofollow\" \/>\n<meta property=\"og:locale\" content=\"de_DE\" \/>\n<meta property=\"og:type\" content=\"article\" \/>\n<meta property=\"og:title\" content=\"Anforderungen an eine Eigenbedarfsk\u00fcndigung\" \/>\n<meta property=\"og:description\" content=\"Wird in einer Eigenbedarfsk\u00fcndigung als Grund lediglich \u201ePrivatnutzung durch famili\u00e4re Ver\u00e4nderung (Trennung)\u201c, reicht dies als Begr\u00fcndung nicht aus. Es muss angegeben werden, wer der Partner in die Wohnung einziehen will.\" \/>\n<meta property=\"og:url\" content=\"https:\/\/www.buhl.de\/vermieter-web\/anforderungen-an-eine-eigenbedarfskuendigung\/\" \/>\n<meta property=\"og:site_name\" content=\"Online-Nebenkostenabrechnung mit WISO Vermieter-Web\" \/>\n<meta property=\"article:published_time\" content=\"2019-11-22T09:20:10+00:00\" \/>\n<meta property=\"og:image\" content=\"https:\/\/www.buhl.de\/vermieter-web\/wp-content\/uploads\/sites\/33\/2019\/11\/Ablehnung.jpg\" \/>\n\t<meta property=\"og:image:width\" content=\"840\" \/>\n\t<meta property=\"og:image:height\" content=\"420\" \/>\n\t<meta property=\"og:image:type\" content=\"image\/jpeg\" \/>\n<meta name=\"author\" content=\"Hartmut Fischer\" \/>\n<meta name=\"twitter:card\" content=\"summary_large_image\" \/>\n<meta name=\"twitter:label1\" content=\"Verfasst von\" \/>\n\t<meta name=\"twitter:data1\" content=\"Hartmut Fischer\" \/>\n\t<meta name=\"twitter:label2\" content=\"Gesch\u00e4tzte Lesezeit\" \/>\n\t<meta name=\"twitter:data2\" content=\"3\u00a0Minuten\" \/>\n<script type=\"application\/ld+json\" class=\"yoast-schema-graph\">{\"@context\":\"https:\\\/\\\/schema.org\",\"@graph\":[{\"@type\":\"Article\",\"@id\":\"https:\\\/\\\/www.buhl.de\\\/vermieter-web\\\/anforderungen-an-eine-eigenbedarfskuendigung\\\/#article\",\"isPartOf\":{\"@id\":\"https:\\\/\\\/www.buhl.de\\\/vermieter-web\\\/anforderungen-an-eine-eigenbedarfskuendigung\\\/\"},\"author\":{\"name\":\"Hartmut Fischer\",\"@id\":\"https:\\\/\\\/www.buhl.de\\\/vermieter-web\\\/#\\\/schema\\\/person\\\/82903e1cb04eb553382702d503991b4f\"},\"headline\":\"Anforderungen an eine Eigenbedarfsk\u00fcndigung\",\"datePublished\":\"2019-11-22T09:20:10+00:00\",\"mainEntityOfPage\":{\"@id\":\"https:\\\/\\\/www.buhl.de\\\/vermieter-web\\\/anforderungen-an-eine-eigenbedarfskuendigung\\\/\"},\"wordCount\":571,\"commentCount\":0,\"image\":{\"@id\":\"https:\\\/\\\/www.buhl.de\\\/vermieter-web\\\/anforderungen-an-eine-eigenbedarfskuendigung\\\/#primaryimage\"},\"thumbnailUrl\":\"https:\\\/\\\/www.buhl.de\\\/vermieter-web\\\/wp-content\\\/uploads\\\/sites\\\/33\\\/2019\\\/11\\\/Ablehnung.jpg\",\"keywords\":[\"Eigenbedarfsk\u00fcndigung\"],\"inLanguage\":\"de\",\"potentialAction\":[{\"@type\":\"CommentAction\",\"name\":\"Comment\",\"target\":[\"https:\\\/\\\/www.buhl.de\\\/vermieter-web\\\/anforderungen-an-eine-eigenbedarfskuendigung\\\/#respond\"]}]},{\"@type\":\"WebPage\",\"@id\":\"https:\\\/\\\/www.buhl.de\\\/vermieter-web\\\/anforderungen-an-eine-eigenbedarfskuendigung\\\/\",\"url\":\"https:\\\/\\\/www.buhl.de\\\/vermieter-web\\\/anforderungen-an-eine-eigenbedarfskuendigung\\\/\",\"name\":\"Eigenbedarfsk\u00fcndigung: Angaben \u00fcber den neuen Wohnungsnutzer\",\"isPartOf\":{\"@id\":\"https:\\\/\\\/www.buhl.de\\\/vermieter-web\\\/#website\"},\"primaryImageOfPage\":{\"@id\":\"https:\\\/\\\/www.buhl.de\\\/vermieter-web\\\/anforderungen-an-eine-eigenbedarfskuendigung\\\/#primaryimage\"},\"image\":{\"@id\":\"https:\\\/\\\/www.buhl.de\\\/vermieter-web\\\/anforderungen-an-eine-eigenbedarfskuendigung\\\/#primaryimage\"},\"thumbnailUrl\":\"https:\\\/\\\/www.buhl.de\\\/vermieter-web\\\/wp-content\\\/uploads\\\/sites\\\/33\\\/2019\\\/11\\\/Ablehnung.jpg\",\"datePublished\":\"2019-11-22T09:20:10+00:00\",\"author\":{\"@id\":\"https:\\\/\\\/www.buhl.de\\\/vermieter-web\\\/#\\\/schema\\\/person\\\/82903e1cb04eb553382702d503991b4f\"},\"description\":\"Wird in einer Eigenbedarfsk\u00fcndigung als Grund lediglich \u201ePrivatnutzung durch famili\u00e4re Ver\u00e4nderung (Trennung)\u201c, reicht dies als Begr\u00fcndung nicht aus. Es muss angegeben werden, wer der Partner in die Wohnung einziehen will.\",\"breadcrumb\":{\"@id\":\"https:\\\/\\\/www.buhl.de\\\/vermieter-web\\\/anforderungen-an-eine-eigenbedarfskuendigung\\\/#breadcrumb\"},\"inLanguage\":\"de\",\"potentialAction\":[{\"@type\":\"ReadAction\",\"target\":[\"https:\\\/\\\/www.buhl.de\\\/vermieter-web\\\/anforderungen-an-eine-eigenbedarfskuendigung\\\/\"]}]},{\"@type\":\"ImageObject\",\"inLanguage\":\"de\",\"@id\":\"https:\\\/\\\/www.buhl.de\\\/vermieter-web\\\/anforderungen-an-eine-eigenbedarfskuendigung\\\/#primaryimage\",\"url\":\"https:\\\/\\\/www.buhl.de\\\/vermieter-web\\\/wp-content\\\/uploads\\\/sites\\\/33\\\/2019\\\/11\\\/Ablehnung.jpg\",\"contentUrl\":\"https:\\\/\\\/www.buhl.de\\\/vermieter-web\\\/wp-content\\\/uploads\\\/sites\\\/33\\\/2019\\\/11\\\/Ablehnung.jpg\",\"width\":840,\"height\":420,\"caption\":\"Eigenbedarfsk\u00fcndigung: Nachfolge muss exakt angegeben werden.\"},{\"@type\":\"BreadcrumbList\",\"@id\":\"https:\\\/\\\/www.buhl.de\\\/vermieter-web\\\/anforderungen-an-eine-eigenbedarfskuendigung\\\/#breadcrumb\",\"itemListElement\":[{\"@type\":\"ListItem\",\"position\":1,\"name\":\"Startseite\",\"item\":\"https:\\\/\\\/www.buhl.de\\\/vermieter-web\\\/\"},{\"@type\":\"ListItem\",\"position\":2,\"name\":\"Anforderungen an eine Eigenbedarfsk\u00fcndigung\"}]},{\"@type\":\"WebSite\",\"@id\":\"https:\\\/\\\/www.buhl.de\\\/vermieter-web\\\/#website\",\"url\":\"https:\\\/\\\/www.buhl.de\\\/vermieter-web\\\/\",\"name\":\"Online-Nebenkostenabrechnung mit WISO Vermieter-Web\",\"description\":\"\",\"potentialAction\":[{\"@type\":\"SearchAction\",\"target\":{\"@type\":\"EntryPoint\",\"urlTemplate\":\"https:\\\/\\\/www.buhl.de\\\/vermieter-web\\\/?s={search_term_string}\"},\"query-input\":{\"@type\":\"PropertyValueSpecification\",\"valueRequired\":true,\"valueName\":\"search_term_string\"}}],\"inLanguage\":\"de\"},{\"@type\":\"Person\",\"@id\":\"https:\\\/\\\/www.buhl.de\\\/vermieter-web\\\/#\\\/schema\\\/person\\\/82903e1cb04eb553382702d503991b4f\",\"name\":\"Hartmut Fischer\"}]}<\/script>\n<!-- \/ Yoast SEO Premium plugin. -->","yoast_head_json":{"title":"Eigenbedarfsk\u00fcndigung: Angaben \u00fcber den neuen Wohnungsnutzer","description":"Wird in einer Eigenbedarfsk\u00fcndigung als Grund lediglich \u201ePrivatnutzung durch famili\u00e4re Ver\u00e4nderung (Trennung)\u201c, reicht dies als Begr\u00fcndung nicht aus. Es muss angegeben werden, wer der Partner in die Wohnung einziehen will.","robots":{"index":"noindex","follow":"nofollow"},"og_locale":"de_DE","og_type":"article","og_title":"Anforderungen an eine Eigenbedarfsk\u00fcndigung","og_description":"Wird in einer Eigenbedarfsk\u00fcndigung als Grund lediglich \u201ePrivatnutzung durch famili\u00e4re Ver\u00e4nderung (Trennung)\u201c, reicht dies als Begr\u00fcndung nicht aus. Es muss angegeben werden, wer der Partner in die Wohnung einziehen will.","og_url":"https:\/\/www.buhl.de\/vermieter-web\/anforderungen-an-eine-eigenbedarfskuendigung\/","og_site_name":"Online-Nebenkostenabrechnung mit WISO Vermieter-Web","article_published_time":"2019-11-22T09:20:10+00:00","og_image":[{"width":840,"height":420,"url":"https:\/\/www.buhl.de\/vermieter-web\/wp-content\/uploads\/sites\/33\/2019\/11\/Ablehnung.jpg","type":"image\/jpeg"}],"author":"Hartmut Fischer","twitter_card":"summary_large_image","twitter_misc":{"Verfasst von":"Hartmut Fischer","Gesch\u00e4tzte Lesezeit":"3\u00a0Minuten"},"schema":{"@context":"https:\/\/schema.org","@graph":[{"@type":"Article","@id":"https:\/\/www.buhl.de\/vermieter-web\/anforderungen-an-eine-eigenbedarfskuendigung\/#article","isPartOf":{"@id":"https:\/\/www.buhl.de\/vermieter-web\/anforderungen-an-eine-eigenbedarfskuendigung\/"},"author":{"name":"Hartmut Fischer","@id":"https:\/\/www.buhl.de\/vermieter-web\/#\/schema\/person\/82903e1cb04eb553382702d503991b4f"},"headline":"Anforderungen an eine Eigenbedarfsk\u00fcndigung","datePublished":"2019-11-22T09:20:10+00:00","mainEntityOfPage":{"@id":"https:\/\/www.buhl.de\/vermieter-web\/anforderungen-an-eine-eigenbedarfskuendigung\/"},"wordCount":571,"commentCount":0,"image":{"@id":"https:\/\/www.buhl.de\/vermieter-web\/anforderungen-an-eine-eigenbedarfskuendigung\/#primaryimage"},"thumbnailUrl":"https:\/\/www.buhl.de\/vermieter-web\/wp-content\/uploads\/sites\/33\/2019\/11\/Ablehnung.jpg","keywords":["Eigenbedarfsk\u00fcndigung"],"inLanguage":"de","potentialAction":[{"@type":"CommentAction","name":"Comment","target":["https:\/\/www.buhl.de\/vermieter-web\/anforderungen-an-eine-eigenbedarfskuendigung\/#respond"]}]},{"@type":"WebPage","@id":"https:\/\/www.buhl.de\/vermieter-web\/anforderungen-an-eine-eigenbedarfskuendigung\/","url":"https:\/\/www.buhl.de\/vermieter-web\/anforderungen-an-eine-eigenbedarfskuendigung\/","name":"Eigenbedarfsk\u00fcndigung: Angaben \u00fcber den neuen Wohnungsnutzer","isPartOf":{"@id":"https:\/\/www.buhl.de\/vermieter-web\/#website"},"primaryImageOfPage":{"@id":"https:\/\/www.buhl.de\/vermieter-web\/anforderungen-an-eine-eigenbedarfskuendigung\/#primaryimage"},"image":{"@id":"https:\/\/www.buhl.de\/vermieter-web\/anforderungen-an-eine-eigenbedarfskuendigung\/#primaryimage"},"thumbnailUrl":"https:\/\/www.buhl.de\/vermieter-web\/wp-content\/uploads\/sites\/33\/2019\/11\/Ablehnung.jpg","datePublished":"2019-11-22T09:20:10+00:00","author":{"@id":"https:\/\/www.buhl.de\/vermieter-web\/#\/schema\/person\/82903e1cb04eb553382702d503991b4f"},"description":"Wird in einer Eigenbedarfsk\u00fcndigung als Grund lediglich \u201ePrivatnutzung durch famili\u00e4re Ver\u00e4nderung (Trennung)\u201c, reicht dies als Begr\u00fcndung nicht aus. Es muss angegeben werden, wer der Partner in die Wohnung einziehen will.","breadcrumb":{"@id":"https:\/\/www.buhl.de\/vermieter-web\/anforderungen-an-eine-eigenbedarfskuendigung\/#breadcrumb"},"inLanguage":"de","potentialAction":[{"@type":"ReadAction","target":["https:\/\/www.buhl.de\/vermieter-web\/anforderungen-an-eine-eigenbedarfskuendigung\/"]}]},{"@type":"ImageObject","inLanguage":"de","@id":"https:\/\/www.buhl.de\/vermieter-web\/anforderungen-an-eine-eigenbedarfskuendigung\/#primaryimage","url":"https:\/\/www.buhl.de\/vermieter-web\/wp-content\/uploads\/sites\/33\/2019\/11\/Ablehnung.jpg","contentUrl":"https:\/\/www.buhl.de\/vermieter-web\/wp-content\/uploads\/sites\/33\/2019\/11\/Ablehnung.jpg","width":840,"height":420,"caption":"Eigenbedarfsk\u00fcndigung: Nachfolge muss exakt angegeben werden."},{"@type":"BreadcrumbList","@id":"https:\/\/www.buhl.de\/vermieter-web\/anforderungen-an-eine-eigenbedarfskuendigung\/#breadcrumb","itemListElement":[{"@type":"ListItem","position":1,"name":"Startseite","item":"https:\/\/www.buhl.de\/vermieter-web\/"},{"@type":"ListItem","position":2,"name":"Anforderungen an eine Eigenbedarfsk\u00fcndigung"}]},{"@type":"WebSite","@id":"https:\/\/www.buhl.de\/vermieter-web\/#website","url":"https:\/\/www.buhl.de\/vermieter-web\/","name":"Online-Nebenkostenabrechnung mit WISO Vermieter-Web","description":"","potentialAction":[{"@type":"SearchAction","target":{"@type":"EntryPoint","urlTemplate":"https:\/\/www.buhl.de\/vermieter-web\/?s={search_term_string}"},"query-input":{"@type":"PropertyValueSpecification","valueRequired":true,"valueName":"search_term_string"}}],"inLanguage":"de"},{"@type":"Person","@id":"https:\/\/www.buhl.de\/vermieter-web\/#\/schema\/person\/82903e1cb04eb553382702d503991b4f","name":"Hartmut Fischer"}]}},"_links":{"self":[{"href":"https:\/\/www.buhl.de\/vermieter-web\/wp-json\/wp\/v2\/posts\/9952","targetHints":{"allow":["GET"]}}],"collection":[{"href":"https:\/\/www.buhl.de\/vermieter-web\/wp-json\/wp\/v2\/posts"}],"about":[{"href":"https:\/\/www.buhl.de\/vermieter-web\/wp-json\/wp\/v2\/types\/post"}],"author":[{"embeddable":true,"href":"https:\/\/www.buhl.de\/vermieter-web\/wp-json\/wp\/v2\/users\/15"}],"replies":[{"embeddable":true,"href":"https:\/\/www.buhl.de\/vermieter-web\/wp-json\/wp\/v2\/comments?post=9952"}],"version-history":[{"count":1,"href":"https:\/\/www.buhl.de\/vermieter-web\/wp-json\/wp\/v2\/posts\/9952\/revisions"}],"predecessor-version":[{"id":9955,"href":"https:\/\/www.buhl.de\/vermieter-web\/wp-json\/wp\/v2\/posts\/9952\/revisions\/9955"}],"wp:featuredmedia":[{"embeddable":true,"href":"https:\/\/www.buhl.de\/vermieter-web\/wp-json\/wp\/v2\/media\/9954"}],"wp:attachment":[{"href":"https:\/\/www.buhl.de\/vermieter-web\/wp-json\/wp\/v2\/media?parent=9952"}],"wp:term":[{"taxonomy":"category","embeddable":true,"href":"https:\/\/www.buhl.de\/vermieter-web\/wp-json\/wp\/v2\/categories?post=9952"},{"taxonomy":"post_tag","embeddable":true,"href":"https:\/\/www.buhl.de\/vermieter-web\/wp-json\/wp\/v2\/tags?post=9952"}],"curies":[{"name":"wp","href":"https:\/\/api.w.org\/{rel}","templated":true}]}}