{"id":9956,"date":"2019-11-23T10:37:27","date_gmt":"2019-11-23T09:37:27","guid":{"rendered":"http:\/\/www.buhl.de\/vermieter-web\/?p=9956"},"modified":"2019-11-23T10:37:27","modified_gmt":"2019-11-23T09:37:27","slug":"wann-ist-eine-wohngemeinschaft-eine-wohngemeinschaft","status":"publish","type":"post","link":"https:\/\/www.buhl.de\/vermieter-web\/wann-ist-eine-wohngemeinschaft-eine-wohngemeinschaft\/","title":{"rendered":"Wann ist eine Wohngemeinschaft eine Wohngemeinschaft?"},"content":{"rendered":"<p><strong>Will das Mitglied einer Wohngemeinschaft (WG) ausziehen, so muss dem der Vermieter zustimmen, wenn von vorneherein klar ersichtlich ist, dass der Mietvertrag mit einer WG abgeschlossen wurde. Dass eine WG die Wohnung anmietete, muss nicht unbedingt im Mietvertrag stehen. Dies kann sich auch aus den Gesamtumst\u00e4nden ergeben. Zu diesem Urteil kam das Amtsgericht Greifswald am 16.08.2019 (Aktenzeichen 45 C 39\/18).<\/strong><\/p>\n<p>In dem Verfahren ging es um eine Vierzimmerwohnung, die der Vermieter an vier Personen vermietete. Die Mieter gingen unterschiedlichen Berufen nach und waren zwischen 27 und 39 Jahre alt. W\u00e4hrend der Mietzeit kam es zum Wechsel einzelner Mieter. Als zu dritten mal ein Mieter aus dem Mietvertrag entlassen werden wollte, lehnte der Vermieter seine Zustimmung ab. Ein Nachmieter war vorhanden. Da der Vermieter sich dennoch weigerte, dem Wechsel zuzustimmen, klagten die Mieter.<\/p>\n<p>Das Amtsgericht Greifswald gab den Mietern Recht. Das Gericht stellte fest, dass sie einen Anspruch auf die Zustimmung des Vermieters h\u00e4tten, den Mietvertrag entsprechend zu \u00e4ndern. Bei seiner Entscheidung ging der Richter davon aus, dass der Mietvertrag mit einer Wohngemeinschaft geschlossen wurde. In seiner Begr\u00fcndung r\u00e4umte das Gericht ein, dass der Mietvertrag nicht ausdr\u00fccklich mit einer Wohngemeinschaft geschlossen wurde. Aus den Gesamtumst\u00e4nden h\u00e4tte der Vermieter jedoch erkennen m\u00fcssen, dass er einen Mietvertrag mit einer Wohngemeinschaft abschlie\u00dfe.<\/p>\n<p>Dies ergebe sich beispielsweise daraus, dass der Vertrag mit vier Personen geschlossen wurde, die davor keine gemeinsame Wohnung unterhielten und auch nicht famili\u00e4r verbunden waren. Auch dass die Mieter unterschiedlichen Berufen nachgingen, sei ein Indiz daf\u00fcr, dass es sich bei den Mietern um eine Wohngemeinschaft handele. Hinzu k\u00e4me, dass man aus dem Alter der Mieter schlie\u00dfen k\u00f6nne, dass diese nicht planten, auf Dauer gemeinsam zusammen zu leben. Au\u00dferdem habe jeder Mieter ein eigenes Zimmer zur alleinigen Nutzung erhalten.<\/p>\n<p>Dass es sich hier um eine Wohngemeinschaft handele, h\u00e4tte der Vermieter sp\u00e4testens beim zweiten Mieterwechsel erkennen m\u00fcssen. Da die beiden Wechsel innerhalb kurzer Zeit (15 Monaten) erfolgten, sei dadurch deutlich geworden, dass es sich hier nicht um eine eng verbundene Mietergruppe, sondern um eine lockere Wohngemeinschaft handele.<\/p>\n<p>Der Vermieter legte gegen die Entscheidung zun\u00e4chst Berufung ein, zog diese aber zur\u00fcck, nachdem das\u00a0 Landgericht Stralsund deutlich machte, dass es die Einsch\u00e4tzung des Amtsgericht teile.<\/p>\n<p>&nbsp;<\/p>\n<p>&nbsp;<\/p>\n","protected":false},"excerpt":{"rendered":"<p>Will das Mitglied einer Wohngemeinschaft (WG) ausziehen, so muss dem der Vermieter zustimmen, wenn von vorneherein klar ersichtlich ist, dass der Mietvertrag mit einer WG abgeschlossen wurde. Dass eine WG die Wohnung anmietete, muss nicht unbedingt im Mietvertrag stehen. Dies kann sich auch aus den Gesamtumst\u00e4nden ergeben. Zu diesem Urteil kam das Amtsgericht Greifswald am &hellip; <\/p>\n<p class=\"link-more\"><a href=\"https:\/\/www.buhl.de\/vermieter-web\/wann-ist-eine-wohngemeinschaft-eine-wohngemeinschaft\/\" class=\"more-link\"><span class=\"screen-reader-text\">\u201eWann ist eine Wohngemeinschaft eine Wohngemeinschaft?\u201c<\/span> weiterlesen<\/a><\/p>\n","protected":false},"author":15,"featured_media":9958,"comment_status":"open","ping_status":"open","sticky":false,"template":"","format":"standard","meta":{"footnotes":""},"categories":[1],"tags":[597,3514],"class_list":["post-9956","post","type-post","status-publish","format-standard","has-post-thumbnail","hentry","category-allgemein","tag-mieterwechsel","tag-wohngemeinschaft"],"yoast_head":"<!-- This site is optimized with the Yoast SEO Premium plugin v27.4 (Yoast SEO v27.5) - https:\/\/yoast.com\/product\/yoast-seo-premium-wordpress\/ -->\n<title>Wohngemeinschaft kann sich auch aus den Umst\u00e4nden ergeben<\/title>\n<meta name=\"description\" content=\"Im Mietvertrag muss nicht unbedingt angegeben werden, dass dieser mit einer Wohngemeinschaft geschlossen wurde. Dies kann sich auch aus den Gesamtumst\u00e4nden ergeben.\" \/>\n<meta name=\"robots\" content=\"noindex, nofollow\" \/>\n<meta property=\"og:locale\" content=\"de_DE\" \/>\n<meta property=\"og:type\" content=\"article\" \/>\n<meta property=\"og:title\" content=\"Wann ist eine Wohngemeinschaft eine Wohngemeinschaft?\" \/>\n<meta property=\"og:description\" content=\"Im Mietvertrag muss nicht unbedingt angegeben werden, dass dieser mit einer Wohngemeinschaft geschlossen wurde. Dies kann sich auch aus den Gesamtumst\u00e4nden ergeben.\" \/>\n<meta property=\"og:url\" content=\"https:\/\/www.buhl.de\/vermieter-web\/wann-ist-eine-wohngemeinschaft-eine-wohngemeinschaft\/\" \/>\n<meta property=\"og:site_name\" content=\"Online-Nebenkostenabrechnung mit WISO Vermieter-Web\" \/>\n<meta property=\"article:published_time\" content=\"2019-11-23T09:37:27+00:00\" \/>\n<meta property=\"og:image\" content=\"https:\/\/www.buhl.de\/vermieter-web\/wp-content\/uploads\/sites\/33\/2019\/11\/1495587308.jpeg\" \/>\n\t<meta property=\"og:image:width\" content=\"840\" \/>\n\t<meta property=\"og:image:height\" content=\"420\" \/>\n\t<meta property=\"og:image:type\" content=\"image\/jpeg\" \/>\n<meta name=\"author\" content=\"Hartmut Fischer\" \/>\n<meta name=\"twitter:card\" content=\"summary_large_image\" \/>\n<meta name=\"twitter:label1\" content=\"Verfasst von\" \/>\n\t<meta name=\"twitter:data1\" content=\"Hartmut Fischer\" \/>\n\t<meta name=\"twitter:label2\" content=\"Gesch\u00e4tzte Lesezeit\" \/>\n\t<meta name=\"twitter:data2\" content=\"2\u00a0Minuten\" \/>\n<script type=\"application\/ld+json\" class=\"yoast-schema-graph\">{\"@context\":\"https:\\\/\\\/schema.org\",\"@graph\":[{\"@type\":\"Article\",\"@id\":\"https:\\\/\\\/www.buhl.de\\\/vermieter-web\\\/wann-ist-eine-wohngemeinschaft-eine-wohngemeinschaft\\\/#article\",\"isPartOf\":{\"@id\":\"https:\\\/\\\/www.buhl.de\\\/vermieter-web\\\/wann-ist-eine-wohngemeinschaft-eine-wohngemeinschaft\\\/\"},\"author\":{\"name\":\"Hartmut Fischer\",\"@id\":\"https:\\\/\\\/www.buhl.de\\\/vermieter-web\\\/#\\\/schema\\\/person\\\/82903e1cb04eb553382702d503991b4f\"},\"headline\":\"Wann ist eine Wohngemeinschaft eine Wohngemeinschaft?\",\"datePublished\":\"2019-11-23T09:37:27+00:00\",\"mainEntityOfPage\":{\"@id\":\"https:\\\/\\\/www.buhl.de\\\/vermieter-web\\\/wann-ist-eine-wohngemeinschaft-eine-wohngemeinschaft\\\/\"},\"wordCount\":383,\"commentCount\":0,\"image\":{\"@id\":\"https:\\\/\\\/www.buhl.de\\\/vermieter-web\\\/wann-ist-eine-wohngemeinschaft-eine-wohngemeinschaft\\\/#primaryimage\"},\"thumbnailUrl\":\"https:\\\/\\\/www.buhl.de\\\/vermieter-web\\\/wp-content\\\/uploads\\\/sites\\\/33\\\/2019\\\/11\\\/1495587308.jpeg\",\"keywords\":[\"Mieterwechsel\",\"Wohngemeinschaft\"],\"inLanguage\":\"de\",\"potentialAction\":[{\"@type\":\"CommentAction\",\"name\":\"Comment\",\"target\":[\"https:\\\/\\\/www.buhl.de\\\/vermieter-web\\\/wann-ist-eine-wohngemeinschaft-eine-wohngemeinschaft\\\/#respond\"]}]},{\"@type\":\"WebPage\",\"@id\":\"https:\\\/\\\/www.buhl.de\\\/vermieter-web\\\/wann-ist-eine-wohngemeinschaft-eine-wohngemeinschaft\\\/\",\"url\":\"https:\\\/\\\/www.buhl.de\\\/vermieter-web\\\/wann-ist-eine-wohngemeinschaft-eine-wohngemeinschaft\\\/\",\"name\":\"Wohngemeinschaft kann sich auch aus den Umst\u00e4nden ergeben\",\"isPartOf\":{\"@id\":\"https:\\\/\\\/www.buhl.de\\\/vermieter-web\\\/#website\"},\"primaryImageOfPage\":{\"@id\":\"https:\\\/\\\/www.buhl.de\\\/vermieter-web\\\/wann-ist-eine-wohngemeinschaft-eine-wohngemeinschaft\\\/#primaryimage\"},\"image\":{\"@id\":\"https:\\\/\\\/www.buhl.de\\\/vermieter-web\\\/wann-ist-eine-wohngemeinschaft-eine-wohngemeinschaft\\\/#primaryimage\"},\"thumbnailUrl\":\"https:\\\/\\\/www.buhl.de\\\/vermieter-web\\\/wp-content\\\/uploads\\\/sites\\\/33\\\/2019\\\/11\\\/1495587308.jpeg\",\"datePublished\":\"2019-11-23T09:37:27+00:00\",\"author\":{\"@id\":\"https:\\\/\\\/www.buhl.de\\\/vermieter-web\\\/#\\\/schema\\\/person\\\/82903e1cb04eb553382702d503991b4f\"},\"description\":\"Im Mietvertrag muss nicht unbedingt angegeben werden, dass dieser mit einer Wohngemeinschaft geschlossen wurde. Dies kann sich auch aus den Gesamtumst\u00e4nden ergeben.\",\"breadcrumb\":{\"@id\":\"https:\\\/\\\/www.buhl.de\\\/vermieter-web\\\/wann-ist-eine-wohngemeinschaft-eine-wohngemeinschaft\\\/#breadcrumb\"},\"inLanguage\":\"de\",\"potentialAction\":[{\"@type\":\"ReadAction\",\"target\":[\"https:\\\/\\\/www.buhl.de\\\/vermieter-web\\\/wann-ist-eine-wohngemeinschaft-eine-wohngemeinschaft\\\/\"]}]},{\"@type\":\"ImageObject\",\"inLanguage\":\"de\",\"@id\":\"https:\\\/\\\/www.buhl.de\\\/vermieter-web\\\/wann-ist-eine-wohngemeinschaft-eine-wohngemeinschaft\\\/#primaryimage\",\"url\":\"https:\\\/\\\/www.buhl.de\\\/vermieter-web\\\/wp-content\\\/uploads\\\/sites\\\/33\\\/2019\\\/11\\\/1495587308.jpeg\",\"contentUrl\":\"https:\\\/\\\/www.buhl.de\\\/vermieter-web\\\/wp-content\\\/uploads\\\/sites\\\/33\\\/2019\\\/11\\\/1495587308.jpeg\",\"width\":840,\"height\":420,\"caption\":\"Wohngemeinschaft ergibt sich auch aus den Umst\u00e4nden.\"},{\"@type\":\"BreadcrumbList\",\"@id\":\"https:\\\/\\\/www.buhl.de\\\/vermieter-web\\\/wann-ist-eine-wohngemeinschaft-eine-wohngemeinschaft\\\/#breadcrumb\",\"itemListElement\":[{\"@type\":\"ListItem\",\"position\":1,\"name\":\"Startseite\",\"item\":\"https:\\\/\\\/www.buhl.de\\\/vermieter-web\\\/\"},{\"@type\":\"ListItem\",\"position\":2,\"name\":\"Wann ist eine Wohngemeinschaft eine Wohngemeinschaft?\"}]},{\"@type\":\"WebSite\",\"@id\":\"https:\\\/\\\/www.buhl.de\\\/vermieter-web\\\/#website\",\"url\":\"https:\\\/\\\/www.buhl.de\\\/vermieter-web\\\/\",\"name\":\"Online-Nebenkostenabrechnung mit WISO Vermieter-Web\",\"description\":\"\",\"potentialAction\":[{\"@type\":\"SearchAction\",\"target\":{\"@type\":\"EntryPoint\",\"urlTemplate\":\"https:\\\/\\\/www.buhl.de\\\/vermieter-web\\\/?s={search_term_string}\"},\"query-input\":{\"@type\":\"PropertyValueSpecification\",\"valueRequired\":true,\"valueName\":\"search_term_string\"}}],\"inLanguage\":\"de\"},{\"@type\":\"Person\",\"@id\":\"https:\\\/\\\/www.buhl.de\\\/vermieter-web\\\/#\\\/schema\\\/person\\\/82903e1cb04eb553382702d503991b4f\",\"name\":\"Hartmut Fischer\"}]}<\/script>\n<!-- \/ Yoast SEO Premium plugin. -->","yoast_head_json":{"title":"Wohngemeinschaft kann sich auch aus den Umst\u00e4nden ergeben","description":"Im Mietvertrag muss nicht unbedingt angegeben werden, dass dieser mit einer Wohngemeinschaft geschlossen wurde. Dies kann sich auch aus den Gesamtumst\u00e4nden ergeben.","robots":{"index":"noindex","follow":"nofollow"},"og_locale":"de_DE","og_type":"article","og_title":"Wann ist eine Wohngemeinschaft eine Wohngemeinschaft?","og_description":"Im Mietvertrag muss nicht unbedingt angegeben werden, dass dieser mit einer Wohngemeinschaft geschlossen wurde. Dies kann sich auch aus den Gesamtumst\u00e4nden ergeben.","og_url":"https:\/\/www.buhl.de\/vermieter-web\/wann-ist-eine-wohngemeinschaft-eine-wohngemeinschaft\/","og_site_name":"Online-Nebenkostenabrechnung mit WISO Vermieter-Web","article_published_time":"2019-11-23T09:37:27+00:00","og_image":[{"width":840,"height":420,"url":"https:\/\/www.buhl.de\/vermieter-web\/wp-content\/uploads\/sites\/33\/2019\/11\/1495587308.jpeg","type":"image\/jpeg"}],"author":"Hartmut Fischer","twitter_card":"summary_large_image","twitter_misc":{"Verfasst von":"Hartmut Fischer","Gesch\u00e4tzte Lesezeit":"2\u00a0Minuten"},"schema":{"@context":"https:\/\/schema.org","@graph":[{"@type":"Article","@id":"https:\/\/www.buhl.de\/vermieter-web\/wann-ist-eine-wohngemeinschaft-eine-wohngemeinschaft\/#article","isPartOf":{"@id":"https:\/\/www.buhl.de\/vermieter-web\/wann-ist-eine-wohngemeinschaft-eine-wohngemeinschaft\/"},"author":{"name":"Hartmut Fischer","@id":"https:\/\/www.buhl.de\/vermieter-web\/#\/schema\/person\/82903e1cb04eb553382702d503991b4f"},"headline":"Wann ist eine Wohngemeinschaft eine Wohngemeinschaft?","datePublished":"2019-11-23T09:37:27+00:00","mainEntityOfPage":{"@id":"https:\/\/www.buhl.de\/vermieter-web\/wann-ist-eine-wohngemeinschaft-eine-wohngemeinschaft\/"},"wordCount":383,"commentCount":0,"image":{"@id":"https:\/\/www.buhl.de\/vermieter-web\/wann-ist-eine-wohngemeinschaft-eine-wohngemeinschaft\/#primaryimage"},"thumbnailUrl":"https:\/\/www.buhl.de\/vermieter-web\/wp-content\/uploads\/sites\/33\/2019\/11\/1495587308.jpeg","keywords":["Mieterwechsel","Wohngemeinschaft"],"inLanguage":"de","potentialAction":[{"@type":"CommentAction","name":"Comment","target":["https:\/\/www.buhl.de\/vermieter-web\/wann-ist-eine-wohngemeinschaft-eine-wohngemeinschaft\/#respond"]}]},{"@type":"WebPage","@id":"https:\/\/www.buhl.de\/vermieter-web\/wann-ist-eine-wohngemeinschaft-eine-wohngemeinschaft\/","url":"https:\/\/www.buhl.de\/vermieter-web\/wann-ist-eine-wohngemeinschaft-eine-wohngemeinschaft\/","name":"Wohngemeinschaft kann sich auch aus den Umst\u00e4nden ergeben","isPartOf":{"@id":"https:\/\/www.buhl.de\/vermieter-web\/#website"},"primaryImageOfPage":{"@id":"https:\/\/www.buhl.de\/vermieter-web\/wann-ist-eine-wohngemeinschaft-eine-wohngemeinschaft\/#primaryimage"},"image":{"@id":"https:\/\/www.buhl.de\/vermieter-web\/wann-ist-eine-wohngemeinschaft-eine-wohngemeinschaft\/#primaryimage"},"thumbnailUrl":"https:\/\/www.buhl.de\/vermieter-web\/wp-content\/uploads\/sites\/33\/2019\/11\/1495587308.jpeg","datePublished":"2019-11-23T09:37:27+00:00","author":{"@id":"https:\/\/www.buhl.de\/vermieter-web\/#\/schema\/person\/82903e1cb04eb553382702d503991b4f"},"description":"Im Mietvertrag muss nicht unbedingt angegeben werden, dass dieser mit einer Wohngemeinschaft geschlossen wurde. Dies kann sich auch aus den Gesamtumst\u00e4nden ergeben.","breadcrumb":{"@id":"https:\/\/www.buhl.de\/vermieter-web\/wann-ist-eine-wohngemeinschaft-eine-wohngemeinschaft\/#breadcrumb"},"inLanguage":"de","potentialAction":[{"@type":"ReadAction","target":["https:\/\/www.buhl.de\/vermieter-web\/wann-ist-eine-wohngemeinschaft-eine-wohngemeinschaft\/"]}]},{"@type":"ImageObject","inLanguage":"de","@id":"https:\/\/www.buhl.de\/vermieter-web\/wann-ist-eine-wohngemeinschaft-eine-wohngemeinschaft\/#primaryimage","url":"https:\/\/www.buhl.de\/vermieter-web\/wp-content\/uploads\/sites\/33\/2019\/11\/1495587308.jpeg","contentUrl":"https:\/\/www.buhl.de\/vermieter-web\/wp-content\/uploads\/sites\/33\/2019\/11\/1495587308.jpeg","width":840,"height":420,"caption":"Wohngemeinschaft ergibt sich auch aus den Umst\u00e4nden."},{"@type":"BreadcrumbList","@id":"https:\/\/www.buhl.de\/vermieter-web\/wann-ist-eine-wohngemeinschaft-eine-wohngemeinschaft\/#breadcrumb","itemListElement":[{"@type":"ListItem","position":1,"name":"Startseite","item":"https:\/\/www.buhl.de\/vermieter-web\/"},{"@type":"ListItem","position":2,"name":"Wann ist eine Wohngemeinschaft eine Wohngemeinschaft?"}]},{"@type":"WebSite","@id":"https:\/\/www.buhl.de\/vermieter-web\/#website","url":"https:\/\/www.buhl.de\/vermieter-web\/","name":"Online-Nebenkostenabrechnung mit WISO Vermieter-Web","description":"","potentialAction":[{"@type":"SearchAction","target":{"@type":"EntryPoint","urlTemplate":"https:\/\/www.buhl.de\/vermieter-web\/?s={search_term_string}"},"query-input":{"@type":"PropertyValueSpecification","valueRequired":true,"valueName":"search_term_string"}}],"inLanguage":"de"},{"@type":"Person","@id":"https:\/\/www.buhl.de\/vermieter-web\/#\/schema\/person\/82903e1cb04eb553382702d503991b4f","name":"Hartmut Fischer"}]}},"_links":{"self":[{"href":"https:\/\/www.buhl.de\/vermieter-web\/wp-json\/wp\/v2\/posts\/9956","targetHints":{"allow":["GET"]}}],"collection":[{"href":"https:\/\/www.buhl.de\/vermieter-web\/wp-json\/wp\/v2\/posts"}],"about":[{"href":"https:\/\/www.buhl.de\/vermieter-web\/wp-json\/wp\/v2\/types\/post"}],"author":[{"embeddable":true,"href":"https:\/\/www.buhl.de\/vermieter-web\/wp-json\/wp\/v2\/users\/15"}],"replies":[{"embeddable":true,"href":"https:\/\/www.buhl.de\/vermieter-web\/wp-json\/wp\/v2\/comments?post=9956"}],"version-history":[{"count":1,"href":"https:\/\/www.buhl.de\/vermieter-web\/wp-json\/wp\/v2\/posts\/9956\/revisions"}],"predecessor-version":[{"id":9959,"href":"https:\/\/www.buhl.de\/vermieter-web\/wp-json\/wp\/v2\/posts\/9956\/revisions\/9959"}],"wp:featuredmedia":[{"embeddable":true,"href":"https:\/\/www.buhl.de\/vermieter-web\/wp-json\/wp\/v2\/media\/9958"}],"wp:attachment":[{"href":"https:\/\/www.buhl.de\/vermieter-web\/wp-json\/wp\/v2\/media?parent=9956"}],"wp:term":[{"taxonomy":"category","embeddable":true,"href":"https:\/\/www.buhl.de\/vermieter-web\/wp-json\/wp\/v2\/categories?post=9956"},{"taxonomy":"post_tag","embeddable":true,"href":"https:\/\/www.buhl.de\/vermieter-web\/wp-json\/wp\/v2\/tags?post=9956"}],"curies":[{"name":"wp","href":"https:\/\/api.w.org\/{rel}","templated":true}]}}