{"id":9996,"date":"2019-12-09T14:09:08","date_gmt":"2019-12-09T13:09:08","guid":{"rendered":"http:\/\/www.buhl.de\/vermieter-web\/?p=9996"},"modified":"2019-12-09T14:09:08","modified_gmt":"2019-12-09T13:09:08","slug":"silvester-kann-kein-zusaetzlicher-winterdienst-verlangt-werden","status":"publish","type":"post","link":"https:\/\/www.buhl.de\/vermieter-web\/silvester-kann-kein-zusaetzlicher-winterdienst-verlangt-werden\/","title":{"rendered":"Silvester kann kein zus\u00e4tzlicher Winterdienst verlangt werden"},"content":{"rendered":"<p><strong>Auch in der Silvesternacht gilt f\u00fcr Eigent\u00fcmer von Wohnungsgrundst\u00fccken die Verpflichtung des Winterdienstes nur bis 20:00 Uhr. Kommt ein Passant danach zu Fall kann er grunds\u00e4tzlich keine Forderungen an den Hauseigent\u00fcmer stellen. Lediglich wenn er nachweisen kann, dass die Eisfl\u00e4che vor 20:00 Uhr entstanden ist und nicht beseitigt wurde, k\u00f6nnte er Schadenersatz und Schmerzensgeld geltend machen. Dies entschied das Kammergericht Berlin am 15. Mai 2018 (Aktenzeichen 21 U 16\/18).<\/strong><\/p>\n<p>In dem Verfahren ging es um eine Passantin, die in einer Silvesternacht \u2013 zwischen 22:40 und 23:30 \u2013 auf einem vereisten Gehweg eines Wohngrundst\u00fccks verungl\u00fcckte. Sie rutschte auf dem glatten Untergrund aus und verletzte sich dabei sehr. Die Verungl\u00fcckte gab dem Hausbesitzer beziehungsweise dessen Winterdienst die Schuld an dem Unfall. Sie verlangte deshalb Schadenersatz und Schmerzensgeld. Da die Betroffenen nicht zahlen wollten, klagte Sie vor dem Landgericht Berlin.\u00a0 Dort wurde ihre Klage jedoch abgewiesen. Sie gab sich damit aber nicht zufrieden und ging vor dem Kammergericht Berlin in Berufung.<\/p>\n<p><strong>Winterdienst nur bis 20:00 Uhr und ab 09:00 Uhr<\/strong><\/p>\n<p>Doch auch hier konnte sich die Passantin nicht durchsetzen. Das Kammergericht stellte in einem Beschluss fest, dass es die Entscheidung des Landgerichts best\u00e4tige. Die Berufung der Kl\u00e4gerin wolle man daher zur\u00fcckweisen. Das Gericht sah keine Verletzung der Verkehrssicherungspflicht durch den Hauseigent\u00fcmer beziehungsweise den beauftragten Winterdienst. In seiner Begr\u00fcndung stellte das Kammergericht klar, dass auch in der Silvesternacht keine Streupflicht nach 20:00 Uhr bestehe. Deshalb h\u00e4tte die Passantin nachweisen m\u00fcssen, dass sich das Glatteis auf dem Gehweg bereits vor 20:00 Uhr gebildet hat. Diesen Nachweis konnte die Kl\u00e4gerin jedoch nicht erbringen. Deshalb habe f\u00fcr den Hauseigent\u00fcmer erst am Neujahrsmorgen ab 09:00 Uhr wieder Streu- und R\u00e4umdienst bestanden.<\/p>\n<p>Das Gericht stellte weiterhin klar, dass zur Nachtzeit grunds\u00e4tzlich nur eine Verpflichtung zum Winterdienst an stark frequentierten Orten bestehen k\u00f6nne (beispielsweise an Bahnstationen oder auch vor Gastst\u00e4tten). Im vorliegenden Fall war die Frau jedoch vor einem Wohngrundst\u00fcck verungl\u00fcckt, das sich nicht durch erh\u00f6hte Passanten-Frequentierung auszeichne. Deshalb k\u00f6nne man hier auch in der Silvesternacht nicht verlangen, dass ein zus\u00e4tzlicher Winterdienst durchgef\u00fchrt werde.<\/p>\n<p><em><strong><img loading=\"lazy\" decoding=\"async\" class=\" wp-image-9793 alignleft\" src=\"https:\/\/www.buhl.de\/vermieter-web\/wp-content\/uploads\/sites\/33\/2019\/09\/Verlinkung.jpg\" alt=\"\" width=\"90\" height=\"87\" \/>Auch das k\u00f6nnte Sie interessieren:<br \/>\n<\/strong><a href=\"\/vermieter-web\/weg-winterdienst-durch-minijobber\/\">WEG: Winterdienst durch Minijobber?<\/a><br \/>\n<a href=\"\/vermieter-web\/kosten-fuer-den-winterdienst\/\">Kosten f\u00fcr den Winterdienst<\/a><br \/>\n<\/em><em><a style=\"color: #000000\" href=\"https:\/\/www.buhl.de\/vermieter-web\/schneefanggitter-und-verkehrssicherungspflicht\/\">Schneefanggitter und Verkehrssicherungspflicht<\/a>\u00a0<\/em><\/p>\n","protected":false},"excerpt":{"rendered":"<p>Auch in der Silvesternacht gilt f\u00fcr Eigent\u00fcmer von Wohnungsgrundst\u00fccken die Verpflichtung des Winterdienstes nur bis 20:00 Uhr. Kommt ein Passant danach zu Fall kann er grunds\u00e4tzlich keine Forderungen an den Hauseigent\u00fcmer stellen. Lediglich wenn er nachweisen kann, dass die Eisfl\u00e4che vor 20:00 Uhr entstanden ist und nicht beseitigt wurde, k\u00f6nnte er Schadenersatz und Schmerzensgeld geltend &hellip; <\/p>\n<p class=\"link-more\"><a href=\"https:\/\/www.buhl.de\/vermieter-web\/silvester-kann-kein-zusaetzlicher-winterdienst-verlangt-werden\/\" class=\"more-link\"><span class=\"screen-reader-text\">\u201eSilvester kann kein zus\u00e4tzlicher Winterdienst verlangt werden\u201c<\/span> weiterlesen<\/a><\/p>\n","protected":false},"author":15,"featured_media":9998,"comment_status":"open","ping_status":"open","sticky":false,"template":"","format":"standard","meta":{"footnotes":""},"categories":[1],"tags":[3592,1937,468],"class_list":["post-9996","post","type-post","status-publish","format-standard","has-post-thumbnail","hentry","category-allgemein","tag-streupflicht","tag-verkehrssicherungspflicht","tag-winterdienst"],"yoast_head":"<!-- This site is optimized with the Yoast SEO Premium plugin v27.4 (Yoast SEO v27.5) - https:\/\/yoast.com\/product\/yoast-seo-premium-wordpress\/ -->\n<title>Verkehrssicherungspflicht: Kein Winterdienst in der Silvesternacht<\/title>\n<meta name=\"description\" content=\"In einer normalen Wohnstra\u00dfe kann ein Passant nicht verlangen, dass die Anlieger auch in der Nacht der R\u00e4um- und Streupflicht nachkommen. Das gilt auch an Silvester.\" \/>\n<meta name=\"robots\" content=\"noindex, nofollow\" \/>\n<meta property=\"og:locale\" content=\"de_DE\" \/>\n<meta property=\"og:type\" content=\"article\" \/>\n<meta property=\"og:title\" content=\"Silvester kann kein zus\u00e4tzlicher Winterdienst verlangt werden\" \/>\n<meta property=\"og:description\" content=\"In einer normalen Wohnstra\u00dfe kann ein Passant nicht verlangen, dass die Anlieger auch in der Nacht der R\u00e4um- und Streupflicht nachkommen. Das gilt auch an Silvester.\" \/>\n<meta property=\"og:url\" content=\"https:\/\/www.buhl.de\/vermieter-web\/silvester-kann-kein-zusaetzlicher-winterdienst-verlangt-werden\/\" \/>\n<meta property=\"og:site_name\" content=\"Online-Nebenkostenabrechnung mit WISO Vermieter-Web\" \/>\n<meta property=\"article:published_time\" content=\"2019-12-09T13:09:08+00:00\" \/>\n<meta property=\"og:image\" content=\"https:\/\/www.buhl.de\/vermieter-web\/wp-content\/uploads\/sites\/33\/2019\/12\/Glatteis.jpg\" \/>\n\t<meta property=\"og:image:width\" content=\"840\" \/>\n\t<meta property=\"og:image:height\" content=\"420\" \/>\n\t<meta property=\"og:image:type\" content=\"image\/jpeg\" \/>\n<meta name=\"author\" content=\"Hartmut Fischer\" \/>\n<meta name=\"twitter:card\" content=\"summary_large_image\" \/>\n<meta name=\"twitter:label1\" content=\"Verfasst von\" \/>\n\t<meta name=\"twitter:data1\" content=\"Hartmut Fischer\" \/>\n\t<meta name=\"twitter:label2\" content=\"Gesch\u00e4tzte Lesezeit\" \/>\n\t<meta name=\"twitter:data2\" content=\"2\u00a0Minuten\" \/>\n<script type=\"application\/ld+json\" class=\"yoast-schema-graph\">{\"@context\":\"https:\\\/\\\/schema.org\",\"@graph\":[{\"@type\":\"Article\",\"@id\":\"https:\\\/\\\/www.buhl.de\\\/vermieter-web\\\/silvester-kann-kein-zusaetzlicher-winterdienst-verlangt-werden\\\/#article\",\"isPartOf\":{\"@id\":\"https:\\\/\\\/www.buhl.de\\\/vermieter-web\\\/silvester-kann-kein-zusaetzlicher-winterdienst-verlangt-werden\\\/\"},\"author\":{\"name\":\"Hartmut Fischer\",\"@id\":\"https:\\\/\\\/www.buhl.de\\\/vermieter-web\\\/#\\\/schema\\\/person\\\/82903e1cb04eb553382702d503991b4f\"},\"headline\":\"Silvester kann kein zus\u00e4tzlicher Winterdienst verlangt werden\",\"datePublished\":\"2019-12-09T13:09:08+00:00\",\"mainEntityOfPage\":{\"@id\":\"https:\\\/\\\/www.buhl.de\\\/vermieter-web\\\/silvester-kann-kein-zusaetzlicher-winterdienst-verlangt-werden\\\/\"},\"wordCount\":375,\"commentCount\":0,\"image\":{\"@id\":\"https:\\\/\\\/www.buhl.de\\\/vermieter-web\\\/silvester-kann-kein-zusaetzlicher-winterdienst-verlangt-werden\\\/#primaryimage\"},\"thumbnailUrl\":\"https:\\\/\\\/www.buhl.de\\\/vermieter-web\\\/wp-content\\\/uploads\\\/sites\\\/33\\\/2019\\\/12\\\/Glatteis.jpg\",\"keywords\":[\"Streupflicht\",\"Verkehrssicherungspflicht\",\"Winterdienst\"],\"inLanguage\":\"de\",\"potentialAction\":[{\"@type\":\"CommentAction\",\"name\":\"Comment\",\"target\":[\"https:\\\/\\\/www.buhl.de\\\/vermieter-web\\\/silvester-kann-kein-zusaetzlicher-winterdienst-verlangt-werden\\\/#respond\"]}]},{\"@type\":\"WebPage\",\"@id\":\"https:\\\/\\\/www.buhl.de\\\/vermieter-web\\\/silvester-kann-kein-zusaetzlicher-winterdienst-verlangt-werden\\\/\",\"url\":\"https:\\\/\\\/www.buhl.de\\\/vermieter-web\\\/silvester-kann-kein-zusaetzlicher-winterdienst-verlangt-werden\\\/\",\"name\":\"Verkehrssicherungspflicht: Kein Winterdienst in der Silvesternacht\",\"isPartOf\":{\"@id\":\"https:\\\/\\\/www.buhl.de\\\/vermieter-web\\\/#website\"},\"primaryImageOfPage\":{\"@id\":\"https:\\\/\\\/www.buhl.de\\\/vermieter-web\\\/silvester-kann-kein-zusaetzlicher-winterdienst-verlangt-werden\\\/#primaryimage\"},\"image\":{\"@id\":\"https:\\\/\\\/www.buhl.de\\\/vermieter-web\\\/silvester-kann-kein-zusaetzlicher-winterdienst-verlangt-werden\\\/#primaryimage\"},\"thumbnailUrl\":\"https:\\\/\\\/www.buhl.de\\\/vermieter-web\\\/wp-content\\\/uploads\\\/sites\\\/33\\\/2019\\\/12\\\/Glatteis.jpg\",\"datePublished\":\"2019-12-09T13:09:08+00:00\",\"author\":{\"@id\":\"https:\\\/\\\/www.buhl.de\\\/vermieter-web\\\/#\\\/schema\\\/person\\\/82903e1cb04eb553382702d503991b4f\"},\"description\":\"In einer normalen Wohnstra\u00dfe kann ein Passant nicht verlangen, dass die Anlieger auch in der Nacht der R\u00e4um- und Streupflicht nachkommen. Das gilt auch an Silvester.\",\"breadcrumb\":{\"@id\":\"https:\\\/\\\/www.buhl.de\\\/vermieter-web\\\/silvester-kann-kein-zusaetzlicher-winterdienst-verlangt-werden\\\/#breadcrumb\"},\"inLanguage\":\"de\",\"potentialAction\":[{\"@type\":\"ReadAction\",\"target\":[\"https:\\\/\\\/www.buhl.de\\\/vermieter-web\\\/silvester-kann-kein-zusaetzlicher-winterdienst-verlangt-werden\\\/\"]}]},{\"@type\":\"ImageObject\",\"inLanguage\":\"de\",\"@id\":\"https:\\\/\\\/www.buhl.de\\\/vermieter-web\\\/silvester-kann-kein-zusaetzlicher-winterdienst-verlangt-werden\\\/#primaryimage\",\"url\":\"https:\\\/\\\/www.buhl.de\\\/vermieter-web\\\/wp-content\\\/uploads\\\/sites\\\/33\\\/2019\\\/12\\\/Glatteis.jpg\",\"contentUrl\":\"https:\\\/\\\/www.buhl.de\\\/vermieter-web\\\/wp-content\\\/uploads\\\/sites\\\/33\\\/2019\\\/12\\\/Glatteis.jpg\",\"width\":840,\"height\":420,\"caption\":\"Winterdienst nur vor 20:00 Uhr und nach 09:00 Uhr.\"},{\"@type\":\"BreadcrumbList\",\"@id\":\"https:\\\/\\\/www.buhl.de\\\/vermieter-web\\\/silvester-kann-kein-zusaetzlicher-winterdienst-verlangt-werden\\\/#breadcrumb\",\"itemListElement\":[{\"@type\":\"ListItem\",\"position\":1,\"name\":\"Startseite\",\"item\":\"https:\\\/\\\/www.buhl.de\\\/vermieter-web\\\/\"},{\"@type\":\"ListItem\",\"position\":2,\"name\":\"Silvester kann kein zus\u00e4tzlicher Winterdienst verlangt werden\"}]},{\"@type\":\"WebSite\",\"@id\":\"https:\\\/\\\/www.buhl.de\\\/vermieter-web\\\/#website\",\"url\":\"https:\\\/\\\/www.buhl.de\\\/vermieter-web\\\/\",\"name\":\"Online-Nebenkostenabrechnung mit WISO Vermieter-Web\",\"description\":\"\",\"potentialAction\":[{\"@type\":\"SearchAction\",\"target\":{\"@type\":\"EntryPoint\",\"urlTemplate\":\"https:\\\/\\\/www.buhl.de\\\/vermieter-web\\\/?s={search_term_string}\"},\"query-input\":{\"@type\":\"PropertyValueSpecification\",\"valueRequired\":true,\"valueName\":\"search_term_string\"}}],\"inLanguage\":\"de\"},{\"@type\":\"Person\",\"@id\":\"https:\\\/\\\/www.buhl.de\\\/vermieter-web\\\/#\\\/schema\\\/person\\\/82903e1cb04eb553382702d503991b4f\",\"name\":\"Hartmut Fischer\"}]}<\/script>\n<!-- \/ Yoast SEO Premium plugin. -->","yoast_head_json":{"title":"Verkehrssicherungspflicht: Kein Winterdienst in der Silvesternacht","description":"In einer normalen Wohnstra\u00dfe kann ein Passant nicht verlangen, dass die Anlieger auch in der Nacht der R\u00e4um- und Streupflicht nachkommen. Das gilt auch an Silvester.","robots":{"index":"noindex","follow":"nofollow"},"og_locale":"de_DE","og_type":"article","og_title":"Silvester kann kein zus\u00e4tzlicher Winterdienst verlangt werden","og_description":"In einer normalen Wohnstra\u00dfe kann ein Passant nicht verlangen, dass die Anlieger auch in der Nacht der R\u00e4um- und Streupflicht nachkommen. Das gilt auch an Silvester.","og_url":"https:\/\/www.buhl.de\/vermieter-web\/silvester-kann-kein-zusaetzlicher-winterdienst-verlangt-werden\/","og_site_name":"Online-Nebenkostenabrechnung mit WISO Vermieter-Web","article_published_time":"2019-12-09T13:09:08+00:00","og_image":[{"width":840,"height":420,"url":"https:\/\/www.buhl.de\/vermieter-web\/wp-content\/uploads\/sites\/33\/2019\/12\/Glatteis.jpg","type":"image\/jpeg"}],"author":"Hartmut Fischer","twitter_card":"summary_large_image","twitter_misc":{"Verfasst von":"Hartmut Fischer","Gesch\u00e4tzte Lesezeit":"2\u00a0Minuten"},"schema":{"@context":"https:\/\/schema.org","@graph":[{"@type":"Article","@id":"https:\/\/www.buhl.de\/vermieter-web\/silvester-kann-kein-zusaetzlicher-winterdienst-verlangt-werden\/#article","isPartOf":{"@id":"https:\/\/www.buhl.de\/vermieter-web\/silvester-kann-kein-zusaetzlicher-winterdienst-verlangt-werden\/"},"author":{"name":"Hartmut Fischer","@id":"https:\/\/www.buhl.de\/vermieter-web\/#\/schema\/person\/82903e1cb04eb553382702d503991b4f"},"headline":"Silvester kann kein zus\u00e4tzlicher Winterdienst verlangt werden","datePublished":"2019-12-09T13:09:08+00:00","mainEntityOfPage":{"@id":"https:\/\/www.buhl.de\/vermieter-web\/silvester-kann-kein-zusaetzlicher-winterdienst-verlangt-werden\/"},"wordCount":375,"commentCount":0,"image":{"@id":"https:\/\/www.buhl.de\/vermieter-web\/silvester-kann-kein-zusaetzlicher-winterdienst-verlangt-werden\/#primaryimage"},"thumbnailUrl":"https:\/\/www.buhl.de\/vermieter-web\/wp-content\/uploads\/sites\/33\/2019\/12\/Glatteis.jpg","keywords":["Streupflicht","Verkehrssicherungspflicht","Winterdienst"],"inLanguage":"de","potentialAction":[{"@type":"CommentAction","name":"Comment","target":["https:\/\/www.buhl.de\/vermieter-web\/silvester-kann-kein-zusaetzlicher-winterdienst-verlangt-werden\/#respond"]}]},{"@type":"WebPage","@id":"https:\/\/www.buhl.de\/vermieter-web\/silvester-kann-kein-zusaetzlicher-winterdienst-verlangt-werden\/","url":"https:\/\/www.buhl.de\/vermieter-web\/silvester-kann-kein-zusaetzlicher-winterdienst-verlangt-werden\/","name":"Verkehrssicherungspflicht: Kein Winterdienst in der Silvesternacht","isPartOf":{"@id":"https:\/\/www.buhl.de\/vermieter-web\/#website"},"primaryImageOfPage":{"@id":"https:\/\/www.buhl.de\/vermieter-web\/silvester-kann-kein-zusaetzlicher-winterdienst-verlangt-werden\/#primaryimage"},"image":{"@id":"https:\/\/www.buhl.de\/vermieter-web\/silvester-kann-kein-zusaetzlicher-winterdienst-verlangt-werden\/#primaryimage"},"thumbnailUrl":"https:\/\/www.buhl.de\/vermieter-web\/wp-content\/uploads\/sites\/33\/2019\/12\/Glatteis.jpg","datePublished":"2019-12-09T13:09:08+00:00","author":{"@id":"https:\/\/www.buhl.de\/vermieter-web\/#\/schema\/person\/82903e1cb04eb553382702d503991b4f"},"description":"In einer normalen Wohnstra\u00dfe kann ein Passant nicht verlangen, dass die Anlieger auch in der Nacht der R\u00e4um- und Streupflicht nachkommen. Das gilt auch an Silvester.","breadcrumb":{"@id":"https:\/\/www.buhl.de\/vermieter-web\/silvester-kann-kein-zusaetzlicher-winterdienst-verlangt-werden\/#breadcrumb"},"inLanguage":"de","potentialAction":[{"@type":"ReadAction","target":["https:\/\/www.buhl.de\/vermieter-web\/silvester-kann-kein-zusaetzlicher-winterdienst-verlangt-werden\/"]}]},{"@type":"ImageObject","inLanguage":"de","@id":"https:\/\/www.buhl.de\/vermieter-web\/silvester-kann-kein-zusaetzlicher-winterdienst-verlangt-werden\/#primaryimage","url":"https:\/\/www.buhl.de\/vermieter-web\/wp-content\/uploads\/sites\/33\/2019\/12\/Glatteis.jpg","contentUrl":"https:\/\/www.buhl.de\/vermieter-web\/wp-content\/uploads\/sites\/33\/2019\/12\/Glatteis.jpg","width":840,"height":420,"caption":"Winterdienst nur vor 20:00 Uhr und nach 09:00 Uhr."},{"@type":"BreadcrumbList","@id":"https:\/\/www.buhl.de\/vermieter-web\/silvester-kann-kein-zusaetzlicher-winterdienst-verlangt-werden\/#breadcrumb","itemListElement":[{"@type":"ListItem","position":1,"name":"Startseite","item":"https:\/\/www.buhl.de\/vermieter-web\/"},{"@type":"ListItem","position":2,"name":"Silvester kann kein zus\u00e4tzlicher Winterdienst verlangt werden"}]},{"@type":"WebSite","@id":"https:\/\/www.buhl.de\/vermieter-web\/#website","url":"https:\/\/www.buhl.de\/vermieter-web\/","name":"Online-Nebenkostenabrechnung mit WISO Vermieter-Web","description":"","potentialAction":[{"@type":"SearchAction","target":{"@type":"EntryPoint","urlTemplate":"https:\/\/www.buhl.de\/vermieter-web\/?s={search_term_string}"},"query-input":{"@type":"PropertyValueSpecification","valueRequired":true,"valueName":"search_term_string"}}],"inLanguage":"de"},{"@type":"Person","@id":"https:\/\/www.buhl.de\/vermieter-web\/#\/schema\/person\/82903e1cb04eb553382702d503991b4f","name":"Hartmut Fischer"}]}},"_links":{"self":[{"href":"https:\/\/www.buhl.de\/vermieter-web\/wp-json\/wp\/v2\/posts\/9996","targetHints":{"allow":["GET"]}}],"collection":[{"href":"https:\/\/www.buhl.de\/vermieter-web\/wp-json\/wp\/v2\/posts"}],"about":[{"href":"https:\/\/www.buhl.de\/vermieter-web\/wp-json\/wp\/v2\/types\/post"}],"author":[{"embeddable":true,"href":"https:\/\/www.buhl.de\/vermieter-web\/wp-json\/wp\/v2\/users\/15"}],"replies":[{"embeddable":true,"href":"https:\/\/www.buhl.de\/vermieter-web\/wp-json\/wp\/v2\/comments?post=9996"}],"version-history":[{"count":1,"href":"https:\/\/www.buhl.de\/vermieter-web\/wp-json\/wp\/v2\/posts\/9996\/revisions"}],"predecessor-version":[{"id":9999,"href":"https:\/\/www.buhl.de\/vermieter-web\/wp-json\/wp\/v2\/posts\/9996\/revisions\/9999"}],"wp:featuredmedia":[{"embeddable":true,"href":"https:\/\/www.buhl.de\/vermieter-web\/wp-json\/wp\/v2\/media\/9998"}],"wp:attachment":[{"href":"https:\/\/www.buhl.de\/vermieter-web\/wp-json\/wp\/v2\/media?parent=9996"}],"wp:term":[{"taxonomy":"category","embeddable":true,"href":"https:\/\/www.buhl.de\/vermieter-web\/wp-json\/wp\/v2\/categories?post=9996"},{"taxonomy":"post_tag","embeddable":true,"href":"https:\/\/www.buhl.de\/vermieter-web\/wp-json\/wp\/v2\/tags?post=9996"}],"curies":[{"name":"wp","href":"https:\/\/api.w.org\/{rel}","templated":true}]}}